{"id":3533,"date":"2024-05-21T10:49:21","date_gmt":"2024-05-21T10:49:21","guid":{"rendered":"https:\/\/www.wpd.fi\/svenska\/?p=3533"},"modified":"2024-11-28T10:42:39","modified_gmt":"2024-11-28T10:42:39","slug":"tutustuminen-tuulivoimapuistoon-avasi-silmia-ja-mielta","status":"publish","type":"post","link":"https:\/\/www.wpd.fi\/svenska\/tutustuminen-tuulivoimapuistoon-avasi-silmia-ja-mielta\/","title":{"rendered":"Tutustuminen tuulivoimapuistoon avasi silmi\u00e4 ja mielt\u00e4"},"content":{"rendered":"<p><img loading=\"lazy\" decoding=\"async\" class=\"alignnone size-medium wp-image-3534\" src=\"https:\/\/www.wpd.fi\/svenska\/wp-content\/uploads\/sites\/3\/2024\/05\/piiparinmakiJPG-992x661.jpg\" alt=\"\" width=\"992\" height=\"661\" srcset=\"https:\/\/www.wpd.fi\/svenska\/wp-content\/uploads\/sites\/3\/2024\/05\/piiparinmakiJPG-992x661.jpg 992w, https:\/\/www.wpd.fi\/svenska\/wp-content\/uploads\/sites\/3\/2024\/05\/piiparinmakiJPG-1500x1000.jpg 1500w, https:\/\/www.wpd.fi\/svenska\/wp-content\/uploads\/sites\/3\/2024\/05\/piiparinmakiJPG-768x512.jpg 768w, https:\/\/www.wpd.fi\/svenska\/wp-content\/uploads\/sites\/3\/2024\/05\/piiparinmakiJPG-1536x1024.jpg 1536w, https:\/\/www.wpd.fi\/svenska\/wp-content\/uploads\/sites\/3\/2024\/05\/piiparinmakiJPG-600x400.jpg 600w, https:\/\/www.wpd.fi\/svenska\/wp-content\/uploads\/sites\/3\/2024\/05\/piiparinmakiJPG-720x480.jpg 720w, https:\/\/www.wpd.fi\/svenska\/wp-content\/uploads\/sites\/3\/2024\/05\/piiparinmakiJPG-360x240.jpg 360w, https:\/\/www.wpd.fi\/svenska\/wp-content\/uploads\/sites\/3\/2024\/05\/piiparinmakiJPG.jpg 1620w\" sizes=\"auto, (max-width: 992px) 100vw, 992px\" \/><\/p>\n<p>Junnunm\u00e4en tuulivoimahankkeen l\u00e4hiseudun asukkaat ja muut hankkeesta kiinnostuneet k\u00e4viv\u00e4t lauantaina 18.5.2024 tutustumassa Ilmatar Energy Oy:n Piiparinm\u00e4en tuulivoimapuistoon. Pohjois-Savossa tuulivoima on viel\u00e4 harvinaisuus, mink\u00e4 vuoksi Junnunm\u00e4en hanketiimi tarjosi paikallisille mahdollisuuden tutustua toiminnassa olevaan tuulivoimapuistoon l\u00e4hiet\u00e4isyydelt\u00e4. Reissun kohteeksi valikoitui Pyh\u00e4nn\u00e4n ja Kajaanin kuntarajalla sijaitseva Piiparinm\u00e4ki, sill\u00e4 se on yksi Junnunm\u00e4ke\u00e4 l\u00e4himp\u00e4n\u00e4 sijaitsevista suurista tuulivoimapuistoista. Retkell\u00e4 olivat hanketiimin lis\u00e4ksi mukana wpd:n tuulivoimapuistojen rakennusurakoinnista vastaavan wpd Construction Finland Oy:n eli tuttavallisemmin ConFin edustajat sek\u00e4 wpd Suomen toimitusjohtaja <strong>Heikki Peltomaa<\/strong>.<\/p>\n<p>Matkaan l\u00e4hdettiin jo aamutuimaan. Linja-autossa retkel\u00e4iset vastasivat kyselyyn, jonka tarkoituksena oli ker\u00e4t\u00e4 arvokasta tietoa Junnunm\u00e4en hankealueesta ja sen ymp\u00e4rist\u00f6st\u00e4. Kyselyn toteutuksesta vastaa hankekehitysharjoittelijamme Joni Viitala, jonka opinn\u00e4ytety\u00f6n tueksi aineisto tulee. Parin tunnin ajomatka Pohjois-Savon m\u00e4kisiss\u00e4 maisemissa taittui mukavasti tuulivoimasta rupatellessa ja kysely\u00e4 t\u00e4ytelless\u00e4.<\/p>\n<p>Piiparinm\u00e4ell\u00e4 k\u00e4vi kuhina jo aamup\u00e4iv\u00e4ll\u00e4, kun Junnunm\u00e4en retkel\u00e4iset viel\u00e4 olivat tien p\u00e4\u00e4ll\u00e4. Wpd:n toisen pohjoissavolaisen tuulivoimahankkeen eli Kurvilanm\u00e4en hanketiimi vietti aamunsa tuulivoimapuistossa Sonkaj\u00e4rven ja Vierem\u00e4n kuntap\u00e4\u00e4tt\u00e4jien kanssa, jotka olivat saapuneet kuulemaan erityisesti siit\u00e4, miten tuulivoimahankkeiden rakennus- ja toimintavaihe hoidetaan wpd:ll\u00e4. Olosuhteet tuulivoimapuistossa vierailulle eiv\u00e4t olisi voineet olla paremmat auringon paistaessa ja navakan tuulen puhaltaessa. Lounaan ohessa hanketiimi esitteli vierailijoille hankkeen ajankohtaiset asiat ja seuraavat askeleet. Kuntap\u00e4\u00e4tt\u00e4j\u00e4t puolestaan nostivat keskusteluun kuntalaisia mietitytt\u00e4vi\u00e4 asioita Kurvilanm\u00e4en hankkeessa sek\u00e4 yleisesti tuulivoimaa koskevia kysymyksi\u00e4. P\u00e4iv\u00e4 sujui hyv\u00e4ss\u00e4 hengess\u00e4 ja kuntap\u00e4\u00e4tt\u00e4jilt\u00e4 saatiin arvokasta tietoa hankekehityksen tueksi.<\/p>\n<p>Junnunm\u00e4en v\u00e4ki saapui paikalle iltap\u00e4iv\u00e4n puolella ja suuntasi oikop\u00e4\u00e4t\u00e4 kierrokselle tuulivoimapuistoon. ConFin johdolla retkel\u00e4iset p\u00e4\u00e4siv\u00e4t tutustumaan voimaloiden ohella my\u00f6s perustuksiin, nostokenttiin ja hankealueella kulkevaan s\u00e4hk\u00f6nsiirtolinjaan. Eniten mielenkiintoa her\u00e4ttiv\u00e4t voimalat, jotka Piiparinm\u00e4ell\u00e4 kohoavat jopa 230 metrin korkeuteen. Valtaosa osallistujista p\u00e4\u00e4si ensimm\u00e4ist\u00e4 kertaa nykyaikaisen tuulivoimalan juurelle, mik\u00e4 olikin monelle kierroksen kohokohta. Tunnelma kierroksella oli iloisen kes\u00e4inen, mist\u00e4 piti huolen my\u00f6s l\u00e4mmin ja aurinkoinen s\u00e4\u00e4.<\/p>\n<p>Tuulivoimapuistokierroksen j\u00e4lkeen vuorossa oli ruokailu Piiparinm\u00e4en vierailukeskuksella. Viimeisen\u00e4 ohjelmanumerona wpd:n v\u00e4ki esitteli Junnunm\u00e4en hanketta rennon keskustelutilaisuuden merkeiss\u00e4. Retkel\u00e4isill\u00e4 oli mahdollisuus kysy\u00e4 mielt\u00e4\u00e4n askarruttaneista asioista, ja keskustelunaiheissa korostuivatkin erityisesti tuulivoimahankkeiden ty\u00f6llisyysvaikutukset paikallisella tasolla sek\u00e4 voimaloista kunnille tulevat verotulot.<\/p>\n<p>Paluumatka Kuopioon sujui leppoisasti, ja p\u00e4iv\u00e4n p\u00e4\u00e4tteeksi saatu palaute retkest\u00e4 oli eritt\u00e4in positiivista: moni kertoi, ett\u00e4 vierailu tuulivoimapuistossa oli ollut antoisaa ja opettavaista. Kello kahdeksalta viimeisetkin matkustajat hypp\u00e4siv\u00e4t linja-autosta ja suuntasivat kes\u00e4illan viettoon.<\/p>\n<p>L\u00e4mmin kiitos onnistuneesta p\u00e4iv\u00e4st\u00e4 kaikille mukana olleille sek\u00e4 sujuvat kuljetukset j\u00e4rjest\u00e4neelle Liikenne Partanen Oy:lle, erinomaiset ruokailut tarjoilleelle Siskon Mekapalvelu Oy:lle ja vierailut mahdollistaneelle Ilmatar Energy Oy:lle.<\/p>\n<p>Emma Berkovits, hankekehitt\u00e4j\u00e4<\/p>\n","protected":false},"excerpt":{"rendered":"Junnunm\u00e4en tuulivoimahankkeen l\u00e4hiseudun asukkaat ja muut hankkeesta kiinnostuneet k\u00e4viv\u00e4t lauantaina 18.5.2024 tutustumassa Ilmatar Energy Oy:n Piiparinm\u00e4en tuulivoimapuistoon. Pohjois-Savossa tuulivoima on viel\u00e4 harvinaisuus, mink\u00e4 vuoksi Junnunm\u00e4en hanketiimi tarjosi paikallisille mahdollisuuden tutustua toiminnassa olevaan tuulivoimapuistoon l\u00e4hiet\u00e4isyydelt\u00e4. Reissun kohteeksi valikoitui Pyh\u00e4nn\u00e4n ja Kajaanin kuntarajalla sijaitseva Piiparinm\u00e4ki, sill\u00e4 se on yksi Junnunm\u00e4ke\u00e4 l\u00e4himp\u00e4n\u00e4 sijaitsevista suurista tuulivoimapuistoista. Retkell\u00e4 olivat hanketiimin [&hellip;]","protected":false},"author":20,"featured_media":0,"comment_status":"open","ping_status":"open","sticky":false,"template":"","format":"standard","meta":{"_acf_changed":false,"footnotes":""},"categories":[1,6],"tags":[],"class_list":["post-3533","post","type-post","status-publish","format-standard","hentry","category-general","category-junnu"],"acf":[],"yoast_head":"<!-- This site is optimized with the Yoast SEO plugin v27.0 - https:\/\/yoast.com\/product\/yoast-seo-wordpress\/ -->\n<title>Tutustuminen tuulivoimapuistoon avasi silmi\u00e4 ja mielt\u00e4<\/title>\n<meta name=\"description\" content=\"Junnunm\u00e4en tuulivoimahankkeen l\u00e4hiseudun asukkaat ja muut hankkeesta kiinnostuneet k\u00e4viv\u00e4t lauantaina 18.5.2024 tutustumassa Ilmatar Energy Oy:n Piiparinm\u00e4en tuulivoimapuistoon. Pohjois-Savossa tuulivoima on viel\u00e4 harvinaisuus, mink\u00e4 vuoksi\" \/>\n<meta name=\"robots\" content=\"index, follow, max-snippet:-1, max-image-preview:large, max-video-preview:-1\" \/>\n<link rel=\"canonical\" href=\"https:\/\/www.wpd.fi\/svenska\/tutustuminen-tuulivoimapuistoon-avasi-silmia-ja-mielta\/\" \/>\n<meta property=\"og:locale\" content=\"en_US\" \/>\n<meta property=\"og:type\" content=\"article\" \/>\n<meta property=\"og:title\" content=\"Tutustuminen tuulivoimapuistoon avasi silmi\u00e4 ja mielt\u00e4\" \/>\n<meta property=\"og:description\" content=\"Junnunm\u00e4en tuulivoimahankkeen l\u00e4hiseudun asukkaat ja muut hankkeesta kiinnostuneet k\u00e4viv\u00e4t lauantaina 18.5.2024 tutustumassa Ilmatar Energy Oy:n Piiparinm\u00e4en tuulivoimapuistoon. Pohjois-Savossa tuulivoima on viel\u00e4 harvinaisuus, mink\u00e4 vuoksi\" \/>\n<meta property=\"og:url\" content=\"https:\/\/www.wpd.fi\/svenska\/tutustuminen-tuulivoimapuistoon-avasi-silmia-ja-mielta\/\" \/>\n<meta property=\"og:site_name\" content=\"wpd.fi Svenska\" \/>\n<meta property=\"article:published_time\" content=\"2024-05-21T10:49:21+00:00\" \/>\n<meta property=\"article:modified_time\" content=\"2024-11-28T10:42:39+00:00\" \/>\n<meta property=\"og:image\" content=\"https:\/\/www.wpd.fi\/svenska\/wp-content\/uploads\/sites\/3\/2024\/05\/piiparinmakiJPG-992x661.jpg\" \/>\n<meta name=\"author\" content=\"skrappe\" \/>\n<meta name=\"twitter:card\" content=\"summary_large_image\" \/>\n<meta name=\"twitter:label1\" content=\"Written by\" \/>\n\t<meta name=\"twitter:data1\" content=\"skrappe\" \/>\n\t<meta name=\"twitter:label2\" content=\"Est. reading time\" \/>\n\t<meta name=\"twitter:data2\" content=\"2 minutes\" \/>\n<script type=\"application\/ld+json\" class=\"yoast-schema-graph\">{\"@context\":\"https:\/\/schema.org\",\"@graph\":[{\"@type\":\"Article\",\"@id\":\"https:\/\/www.wpd.fi\/svenska\/tutustuminen-tuulivoimapuistoon-avasi-silmia-ja-mielta\/#article\",\"isPartOf\":{\"@id\":\"https:\/\/www.wpd.fi\/svenska\/tutustuminen-tuulivoimapuistoon-avasi-silmia-ja-mielta\/\"},\"author\":{\"name\":\"skrappe\",\"@id\":\"https:\/\/www.wpd.fi\/svenska\/#\/schema\/person\/011317efadb39239fb9510d239b57888\"},\"headline\":\"Tutustuminen tuulivoimapuistoon avasi silmi\u00e4 ja mielt\u00e4\",\"datePublished\":\"2024-05-21T10:49:21+00:00\",\"dateModified\":\"2024-11-28T10:42:39+00:00\",\"mainEntityOfPage\":{\"@id\":\"https:\/\/www.wpd.fi\/svenska\/tutustuminen-tuulivoimapuistoon-avasi-silmia-ja-mielta\/\"},\"wordCount\":468,\"commentCount\":0,\"image\":{\"@id\":\"https:\/\/www.wpd.fi\/svenska\/tutustuminen-tuulivoimapuistoon-avasi-silmia-ja-mielta\/#primaryimage\"},\"thumbnailUrl\":\"https:\/\/www.wpd.fi\/svenska\/wp-content\/uploads\/sites\/3\/2024\/05\/piiparinmakiJPG-992x661.jpg\",\"articleSection\":[\"General\",\"Junnu\"],\"inLanguage\":\"en-US\",\"potentialAction\":[{\"@type\":\"CommentAction\",\"name\":\"Comment\",\"target\":[\"https:\/\/www.wpd.fi\/svenska\/tutustuminen-tuulivoimapuistoon-avasi-silmia-ja-mielta\/#respond\"]}]},{\"@type\":\"WebPage\",\"@id\":\"https:\/\/www.wpd.fi\/svenska\/tutustuminen-tuulivoimapuistoon-avasi-silmia-ja-mielta\/\",\"url\":\"https:\/\/www.wpd.fi\/svenska\/tutustuminen-tuulivoimapuistoon-avasi-silmia-ja-mielta\/\",\"name\":\"Tutustuminen tuulivoimapuistoon avasi silmi\u00e4 ja mielt\u00e4\",\"isPartOf\":{\"@id\":\"https:\/\/www.wpd.fi\/svenska\/#website\"},\"primaryImageOfPage\":{\"@id\":\"https:\/\/www.wpd.fi\/svenska\/tutustuminen-tuulivoimapuistoon-avasi-silmia-ja-mielta\/#primaryimage\"},\"image\":{\"@id\":\"https:\/\/www.wpd.fi\/svenska\/tutustuminen-tuulivoimapuistoon-avasi-silmia-ja-mielta\/#primaryimage\"},\"thumbnailUrl\":\"https:\/\/www.wpd.fi\/svenska\/wp-content\/uploads\/sites\/3\/2024\/05\/piiparinmakiJPG-992x661.jpg\",\"datePublished\":\"2024-05-21T10:49:21+00:00\",\"dateModified\":\"2024-11-28T10:42:39+00:00\",\"author\":{\"@id\":\"https:\/\/www.wpd.fi\/svenska\/#\/schema\/person\/011317efadb39239fb9510d239b57888\"},\"breadcrumb\":{\"@id\":\"https:\/\/www.wpd.fi\/svenska\/tutustuminen-tuulivoimapuistoon-avasi-silmia-ja-mielta\/#breadcrumb\"},\"inLanguage\":\"en-US\",\"potentialAction\":[{\"@type\":\"ReadAction\",\"target\":[\"https:\/\/www.wpd.fi\/svenska\/tutustuminen-tuulivoimapuistoon-avasi-silmia-ja-mielta\/\"]}]},{\"@type\":\"ImageObject\",\"inLanguage\":\"en-US\",\"@id\":\"https:\/\/www.wpd.fi\/svenska\/tutustuminen-tuulivoimapuistoon-avasi-silmia-ja-mielta\/#primaryimage\",\"url\":\"https:\/\/www.wpd.fi\/svenska\/wp-content\/uploads\/sites\/3\/2024\/05\/piiparinmakiJPG.jpg\",\"contentUrl\":\"https:\/\/www.wpd.fi\/svenska\/wp-content\/uploads\/sites\/3\/2024\/05\/piiparinmakiJPG.jpg\",\"width\":1620,\"height\":1080},{\"@type\":\"BreadcrumbList\",\"@id\":\"https:\/\/www.wpd.fi\/svenska\/tutustuminen-tuulivoimapuistoon-avasi-silmia-ja-mielta\/#breadcrumb\",\"itemListElement\":[{\"@type\":\"ListItem\",\"position\":1,\"name\":\"Startseite\",\"item\":\"https:\/\/www.wpd.fi\/svenska\/\"},{\"@type\":\"ListItem\",\"position\":2,\"name\":\"Tutustuminen tuulivoimapuistoon avasi silmi\u00e4 ja mielt\u00e4\"}]},{\"@type\":\"WebSite\",\"@id\":\"https:\/\/www.wpd.fi\/svenska\/#website\",\"url\":\"https:\/\/www.wpd.fi\/svenska\/\",\"name\":\"wpd.fi Svenska\",\"description\":\"Utveckling, konstruktion och drift av projekt inom f\u00f6rnybar energi\",\"potentialAction\":[{\"@type\":\"SearchAction\",\"target\":{\"@type\":\"EntryPoint\",\"urlTemplate\":\"https:\/\/www.wpd.fi\/svenska\/?s={search_term_string}\"},\"query-input\":{\"@type\":\"PropertyValueSpecification\",\"valueRequired\":true,\"valueName\":\"search_term_string\"}}],\"inLanguage\":\"en-US\"},{\"@type\":\"Person\",\"@id\":\"https:\/\/www.wpd.fi\/svenska\/#\/schema\/person\/011317efadb39239fb9510d239b57888\",\"name\":\"skrappe\",\"url\":\"https:\/\/www.wpd.fi\/svenska\/author\/skrappe\/\"}]}<\/script>\n<!-- \/ Yoast SEO plugin. -->","yoast_head_json":{"title":"Tutustuminen tuulivoimapuistoon avasi silmi\u00e4 ja mielt\u00e4","description":"Junnunm\u00e4en tuulivoimahankkeen l\u00e4hiseudun asukkaat ja muut hankkeesta kiinnostuneet k\u00e4viv\u00e4t lauantaina 18.5.2024 tutustumassa Ilmatar Energy Oy:n Piiparinm\u00e4en tuulivoimapuistoon. Pohjois-Savossa tuulivoima on viel\u00e4 harvinaisuus, mink\u00e4 vuoksi","robots":{"index":"index","follow":"follow","max-snippet":"max-snippet:-1","max-image-preview":"max-image-preview:large","max-video-preview":"max-video-preview:-1"},"canonical":"https:\/\/www.wpd.fi\/svenska\/tutustuminen-tuulivoimapuistoon-avasi-silmia-ja-mielta\/","og_locale":"en_US","og_type":"article","og_title":"Tutustuminen tuulivoimapuistoon avasi silmi\u00e4 ja mielt\u00e4","og_description":"Junnunm\u00e4en tuulivoimahankkeen l\u00e4hiseudun asukkaat ja muut hankkeesta kiinnostuneet k\u00e4viv\u00e4t lauantaina 18.5.2024 tutustumassa Ilmatar Energy Oy:n Piiparinm\u00e4en tuulivoimapuistoon. Pohjois-Savossa tuulivoima on viel\u00e4 harvinaisuus, mink\u00e4 vuoksi","og_url":"https:\/\/www.wpd.fi\/svenska\/tutustuminen-tuulivoimapuistoon-avasi-silmia-ja-mielta\/","og_site_name":"wpd.fi Svenska","article_published_time":"2024-05-21T10:49:21+00:00","article_modified_time":"2024-11-28T10:42:39+00:00","og_image":[{"url":"https:\/\/www.wpd.fi\/svenska\/wp-content\/uploads\/sites\/3\/2024\/05\/piiparinmakiJPG-992x661.jpg","type":"","width":"","height":""}],"author":"skrappe","twitter_card":"summary_large_image","twitter_misc":{"Written by":"skrappe","Est. reading time":"2 minutes"},"schema":{"@context":"https:\/\/schema.org","@graph":[{"@type":"Article","@id":"https:\/\/www.wpd.fi\/svenska\/tutustuminen-tuulivoimapuistoon-avasi-silmia-ja-mielta\/#article","isPartOf":{"@id":"https:\/\/www.wpd.fi\/svenska\/tutustuminen-tuulivoimapuistoon-avasi-silmia-ja-mielta\/"},"author":{"name":"skrappe","@id":"https:\/\/www.wpd.fi\/svenska\/#\/schema\/person\/011317efadb39239fb9510d239b57888"},"headline":"Tutustuminen tuulivoimapuistoon avasi silmi\u00e4 ja mielt\u00e4","datePublished":"2024-05-21T10:49:21+00:00","dateModified":"2024-11-28T10:42:39+00:00","mainEntityOfPage":{"@id":"https:\/\/www.wpd.fi\/svenska\/tutustuminen-tuulivoimapuistoon-avasi-silmia-ja-mielta\/"},"wordCount":468,"commentCount":0,"image":{"@id":"https:\/\/www.wpd.fi\/svenska\/tutustuminen-tuulivoimapuistoon-avasi-silmia-ja-mielta\/#primaryimage"},"thumbnailUrl":"https:\/\/www.wpd.fi\/svenska\/wp-content\/uploads\/sites\/3\/2024\/05\/piiparinmakiJPG-992x661.jpg","articleSection":["General","Junnu"],"inLanguage":"en-US","potentialAction":[{"@type":"CommentAction","name":"Comment","target":["https:\/\/www.wpd.fi\/svenska\/tutustuminen-tuulivoimapuistoon-avasi-silmia-ja-mielta\/#respond"]}]},{"@type":"WebPage","@id":"https:\/\/www.wpd.fi\/svenska\/tutustuminen-tuulivoimapuistoon-avasi-silmia-ja-mielta\/","url":"https:\/\/www.wpd.fi\/svenska\/tutustuminen-tuulivoimapuistoon-avasi-silmia-ja-mielta\/","name":"Tutustuminen tuulivoimapuistoon avasi silmi\u00e4 ja mielt\u00e4","isPartOf":{"@id":"https:\/\/www.wpd.fi\/svenska\/#website"},"primaryImageOfPage":{"@id":"https:\/\/www.wpd.fi\/svenska\/tutustuminen-tuulivoimapuistoon-avasi-silmia-ja-mielta\/#primaryimage"},"image":{"@id":"https:\/\/www.wpd.fi\/svenska\/tutustuminen-tuulivoimapuistoon-avasi-silmia-ja-mielta\/#primaryimage"},"thumbnailUrl":"https:\/\/www.wpd.fi\/svenska\/wp-content\/uploads\/sites\/3\/2024\/05\/piiparinmakiJPG-992x661.jpg","datePublished":"2024-05-21T10:49:21+00:00","dateModified":"2024-11-28T10:42:39+00:00","author":{"@id":"https:\/\/www.wpd.fi\/svenska\/#\/schema\/person\/011317efadb39239fb9510d239b57888"},"breadcrumb":{"@id":"https:\/\/www.wpd.fi\/svenska\/tutustuminen-tuulivoimapuistoon-avasi-silmia-ja-mielta\/#breadcrumb"},"inLanguage":"en-US","potentialAction":[{"@type":"ReadAction","target":["https:\/\/www.wpd.fi\/svenska\/tutustuminen-tuulivoimapuistoon-avasi-silmia-ja-mielta\/"]}]},{"@type":"ImageObject","inLanguage":"en-US","@id":"https:\/\/www.wpd.fi\/svenska\/tutustuminen-tuulivoimapuistoon-avasi-silmia-ja-mielta\/#primaryimage","url":"https:\/\/www.wpd.fi\/svenska\/wp-content\/uploads\/sites\/3\/2024\/05\/piiparinmakiJPG.jpg","contentUrl":"https:\/\/www.wpd.fi\/svenska\/wp-content\/uploads\/sites\/3\/2024\/05\/piiparinmakiJPG.jpg","width":1620,"height":1080},{"@type":"BreadcrumbList","@id":"https:\/\/www.wpd.fi\/svenska\/tutustuminen-tuulivoimapuistoon-avasi-silmia-ja-mielta\/#breadcrumb","itemListElement":[{"@type":"ListItem","position":1,"name":"Startseite","item":"https:\/\/www.wpd.fi\/svenska\/"},{"@type":"ListItem","position":2,"name":"Tutustuminen tuulivoimapuistoon avasi silmi\u00e4 ja mielt\u00e4"}]},{"@type":"WebSite","@id":"https:\/\/www.wpd.fi\/svenska\/#website","url":"https:\/\/www.wpd.fi\/svenska\/","name":"wpd.fi Svenska","description":"Utveckling, konstruktion och drift av projekt inom f\u00f6rnybar energi","potentialAction":[{"@type":"SearchAction","target":{"@type":"EntryPoint","urlTemplate":"https:\/\/www.wpd.fi\/svenska\/?s={search_term_string}"},"query-input":{"@type":"PropertyValueSpecification","valueRequired":true,"valueName":"search_term_string"}}],"inLanguage":"en-US"},{"@type":"Person","@id":"https:\/\/www.wpd.fi\/svenska\/#\/schema\/person\/011317efadb39239fb9510d239b57888","name":"skrappe","url":"https:\/\/www.wpd.fi\/svenska\/author\/skrappe\/"}]}},"publishpress_future_action":{"enabled":false,"date":"2026-05-09 08:26:27","action":"change-status","newStatus":"draft","terms":[],"taxonomy":"category","extraData":[]},"publishpress_future_workflow_manual_trigger":{"enabledWorkflows":[]},"_links":{"self":[{"href":"https:\/\/www.wpd.fi\/svenska\/wp-json\/wp\/v2\/posts\/3533","targetHints":{"allow":["GET"]}}],"collection":[{"href":"https:\/\/www.wpd.fi\/svenska\/wp-json\/wp\/v2\/posts"}],"about":[{"href":"https:\/\/www.wpd.fi\/svenska\/wp-json\/wp\/v2\/types\/post"}],"author":[{"embeddable":true,"href":"https:\/\/www.wpd.fi\/svenska\/wp-json\/wp\/v2\/users\/20"}],"replies":[{"embeddable":true,"href":"https:\/\/www.wpd.fi\/svenska\/wp-json\/wp\/v2\/comments?post=3533"}],"version-history":[{"count":1,"href":"https:\/\/www.wpd.fi\/svenska\/wp-json\/wp\/v2\/posts\/3533\/revisions"}],"predecessor-version":[{"id":3535,"href":"https:\/\/www.wpd.fi\/svenska\/wp-json\/wp\/v2\/posts\/3533\/revisions\/3535"}],"wp:attachment":[{"href":"https:\/\/www.wpd.fi\/svenska\/wp-json\/wp\/v2\/media?parent=3533"}],"wp:term":[{"taxonomy":"category","embeddable":true,"href":"https:\/\/www.wpd.fi\/svenska\/wp-json\/wp\/v2\/categories?post=3533"},{"taxonomy":"post_tag","embeddable":true,"href":"https:\/\/www.wpd.fi\/svenska\/wp-json\/wp\/v2\/tags?post=3533"}],"curies":[{"name":"wp","href":"https:\/\/api.w.org\/{rel}","templated":true}]}}