{"id":6307,"date":"2024-11-27T09:51:08","date_gmt":"2024-11-27T09:51:08","guid":{"rendered":"https:\/\/www.wpd.fi\/svenska\/?p=6307"},"modified":"2024-11-28T10:23:27","modified_gmt":"2024-11-28T10:23:27","slug":"ilosenmaen-tuulivoimahanke-kaynnistyy","status":"publish","type":"post","link":"https:\/\/www.wpd.fi\/svenska\/ilosenmaen-tuulivoimahanke-kaynnistyy\/","title":{"rendered":"Ilosenm\u00e4en tuulivoimahanke k\u00e4ynnistyy"},"content":{"rendered":"<h1><img loading=\"lazy\" decoding=\"async\" class=\"alignnone size-medium wp-image-6308\" src=\"https:\/\/www.wpd.fi\/svenska\/wp-content\/uploads\/sites\/3\/2024\/11\/DSC_2005-1-992x662.jpg\" alt=\"\" width=\"992\" height=\"662\" srcset=\"https:\/\/www.wpd.fi\/svenska\/wp-content\/uploads\/sites\/3\/2024\/11\/DSC_2005-1-992x662.jpg 992w, https:\/\/www.wpd.fi\/svenska\/wp-content\/uploads\/sites\/3\/2024\/11\/DSC_2005-1-1500x1001.jpg 1500w, https:\/\/www.wpd.fi\/svenska\/wp-content\/uploads\/sites\/3\/2024\/11\/DSC_2005-1-768x513.jpg 768w, https:\/\/www.wpd.fi\/svenska\/wp-content\/uploads\/sites\/3\/2024\/11\/DSC_2005-1-1536x1025.jpg 1536w, https:\/\/www.wpd.fi\/svenska\/wp-content\/uploads\/sites\/3\/2024\/11\/DSC_2005-1-2048x1367.jpg 2048w, https:\/\/www.wpd.fi\/svenska\/wp-content\/uploads\/sites\/3\/2024\/11\/DSC_2005-1-1984x1324.jpg 1984w, https:\/\/www.wpd.fi\/svenska\/wp-content\/uploads\/sites\/3\/2024\/11\/DSC_2005-1-600x401.jpg 600w, https:\/\/www.wpd.fi\/svenska\/wp-content\/uploads\/sites\/3\/2024\/11\/DSC_2005-1-720x481.jpg 720w, https:\/\/www.wpd.fi\/svenska\/wp-content\/uploads\/sites\/3\/2024\/11\/DSC_2005-1-360x240.jpg 360w\" sizes=\"auto, (max-width: 992px) 100vw, 992px\" \/><\/h1>\n<h1>Ilosenm\u00e4en tuulivoimahanke k\u00e4ynnistyy<\/h1>\n<p>Rautalammin kunnanvaltuusto p\u00e4\u00e4tti 12.11.2024 kokouksessaan hyv\u00e4ksy\u00e4 tuulivoimayhti\u00f6 wpd Suomi Oy:n kaavoitusaloitteen Ilosenm\u00e4en tuulivoimahankkeen yleiskaavoituksen k\u00e4ynnist\u00e4misest\u00e4. Kaavoitusaloitteen hyv\u00e4ksymisen my\u00f6t\u00e4 Ilosenm\u00e4en tuulivoimahankkeen yleiskaavoitus ja ymp\u00e4rist\u00f6vaikutusten arviointimenettely (YVA) voidaan k\u00e4ynnist\u00e4\u00e4 alkuvuodesta 2025. Muutaman vuoden sis\u00e4ll\u00e4 Rautalammin kunnanvaltuusto viel\u00e4 tekee erillisen p\u00e4\u00e4t\u00f6ksen siit\u00e4, hyv\u00e4ksyyk\u00f6 se hankkeelle valmistellun yleiskaavan vai ei.<\/p>\n<p>Ennen YVA- ja kaavoitusmenettelyn k\u00e4ynnistymist\u00e4 j\u00e4rjest\u00e4mme kaksi eri infotilaisuutta. Seuraava asukasinfo j\u00e4rjestet\u00e4\u00e4n <b>tiistaina 10.12.2024<\/b> <strong>Kisaharjulla klo 16.00-19.00<\/strong>, os. Suolikoskentie 1238, S\u00e4kinm\u00e4ki. Et\u00e4tilaisuus Teams-sovelluksen kautta j\u00e4rjestet\u00e4\u00e4n <strong>tiistaina 14.1.2025 klo 17.00-19.00.<\/strong><\/p>\n<p>Lue lis\u00e4tietoa sek\u00e4 hankkeestamme ett\u00e4 tilaisuuksistamme\u00a0 <a href=\"https:\/\/www.wpd.fi\/svenska\/projects\/ilosenmaki\/\">https:\/\/www.wpd.fi\/svenska\/projects\/ilosenmaki\/<\/a><\/p>\n<p>L\u00e4mpim\u00e4sti tervetuloa tilaisuuksiimme kysym\u00e4\u00e4n lis\u00e4\u00e4 ja keskustelemaan!<\/p>\n","protected":false},"excerpt":{"rendered":"Ilosenm\u00e4en tuulivoimahanke k\u00e4ynnistyy Rautalammin kunnanvaltuusto p\u00e4\u00e4tti 12.11.2024 kokouksessaan hyv\u00e4ksy\u00e4 tuulivoimayhti\u00f6 wpd Suomi Oy:n kaavoitusaloitteen Ilosenm\u00e4en tuulivoimahankkeen yleiskaavoituksen k\u00e4ynnist\u00e4misest\u00e4. Kaavoitusaloitteen hyv\u00e4ksymisen my\u00f6t\u00e4 Ilosenm\u00e4en tuulivoimahankkeen yleiskaavoitus ja ymp\u00e4rist\u00f6vaikutusten arviointimenettely (YVA) voidaan k\u00e4ynnist\u00e4\u00e4 alkuvuodesta 2025. Muutaman vuoden sis\u00e4ll\u00e4 Rautalammin kunnanvaltuusto viel\u00e4 tekee erillisen p\u00e4\u00e4t\u00f6ksen siit\u00e4, hyv\u00e4ksyyk\u00f6 se hankkeelle valmistellun yleiskaavan vai ei. Ennen YVA- ja kaavoitusmenettelyn k\u00e4ynnistymist\u00e4 j\u00e4rjest\u00e4mme [&hellip;]","protected":false},"author":20,"featured_media":6308,"comment_status":"closed","ping_status":"closed","sticky":false,"template":"","format":"standard","meta":{"_acf_changed":false,"footnotes":""},"categories":[1,9,8],"tags":[],"class_list":["post-6307","post","type-post","status-publish","format-standard","has-post-thumbnail","hentry","category-general","category-ilosenmaki","category-wpd-suomi"],"acf":[],"yoast_head":"<!-- This site is optimized with the Yoast SEO plugin v27.0 - https:\/\/yoast.com\/product\/yoast-seo-wordpress\/ -->\n<title>Ilosenm\u00e4en tuulivoimahanke k\u00e4ynnistyy<\/title>\n<meta name=\"description\" content=\"Ilosenm\u00e4en tuulivoimahanke k\u00e4ynnistyy Rautalammin kunnanvaltuusto p\u00e4\u00e4tti 12.11.2024 kokouksessaan hyv\u00e4ksy\u00e4 tuulivoimayhti\u00f6 wpd Suomi Oy:n kaavoitusaloitteen Ilosenm\u00e4en tuulivoimahankkeen yleiskaavoituksen k\u00e4ynnist\u00e4misest\u00e4. Kaavoitusaloitteen\" \/>\n<meta name=\"robots\" content=\"index, follow, max-snippet:-1, max-image-preview:large, max-video-preview:-1\" \/>\n<link rel=\"canonical\" href=\"https:\/\/www.wpd.fi\/svenska\/ilosenmaen-tuulivoimahanke-kaynnistyy\/\" \/>\n<meta property=\"og:locale\" content=\"en_US\" \/>\n<meta property=\"og:type\" content=\"article\" \/>\n<meta property=\"og:title\" content=\"Ilosenm\u00e4en tuulivoimahanke k\u00e4ynnistyy\" \/>\n<meta property=\"og:description\" content=\"Ilosenm\u00e4en tuulivoimahanke k\u00e4ynnistyy Rautalammin kunnanvaltuusto p\u00e4\u00e4tti 12.11.2024 kokouksessaan hyv\u00e4ksy\u00e4 tuulivoimayhti\u00f6 wpd Suomi Oy:n kaavoitusaloitteen Ilosenm\u00e4en tuulivoimahankkeen yleiskaavoituksen k\u00e4ynnist\u00e4misest\u00e4. Kaavoitusaloitteen\" \/>\n<meta property=\"og:url\" content=\"https:\/\/www.wpd.fi\/svenska\/ilosenmaen-tuulivoimahanke-kaynnistyy\/\" \/>\n<meta property=\"og:site_name\" content=\"wpd.fi Svenska\" \/>\n<meta property=\"article:published_time\" content=\"2024-11-27T09:51:08+00:00\" \/>\n<meta property=\"article:modified_time\" content=\"2024-11-28T10:23:27+00:00\" \/>\n<meta property=\"og:image\" content=\"https:\/\/www.wpd.fi\/svenska\/wp-content\/uploads\/sites\/3\/2024\/11\/DSC_2005-1-scaled.jpg\" \/>\n\t<meta property=\"og:image:width\" content=\"2560\" \/>\n\t<meta property=\"og:image:height\" content=\"1709\" \/>\n\t<meta property=\"og:image:type\" content=\"image\/jpeg\" \/>\n<meta name=\"author\" content=\"skrappe\" \/>\n<meta name=\"twitter:card\" content=\"summary_large_image\" \/>\n<meta name=\"twitter:label1\" content=\"Written by\" \/>\n\t<meta name=\"twitter:data1\" content=\"skrappe\" \/>\n\t<meta name=\"twitter:label2\" content=\"Est. reading time\" \/>\n\t<meta name=\"twitter:data2\" content=\"1 minute\" \/>\n<script type=\"application\/ld+json\" class=\"yoast-schema-graph\">{\"@context\":\"https:\/\/schema.org\",\"@graph\":[{\"@type\":\"Article\",\"@id\":\"https:\/\/www.wpd.fi\/svenska\/ilosenmaen-tuulivoimahanke-kaynnistyy\/#article\",\"isPartOf\":{\"@id\":\"https:\/\/www.wpd.fi\/svenska\/ilosenmaen-tuulivoimahanke-kaynnistyy\/\"},\"author\":{\"name\":\"skrappe\",\"@id\":\"https:\/\/www.wpd.fi\/svenska\/#\/schema\/person\/011317efadb39239fb9510d239b57888\"},\"headline\":\"Ilosenm\u00e4en tuulivoimahanke k\u00e4ynnistyy\",\"datePublished\":\"2024-11-27T09:51:08+00:00\",\"dateModified\":\"2024-11-28T10:23:27+00:00\",\"mainEntityOfPage\":{\"@id\":\"https:\/\/www.wpd.fi\/svenska\/ilosenmaen-tuulivoimahanke-kaynnistyy\/\"},\"wordCount\":130,\"image\":{\"@id\":\"https:\/\/www.wpd.fi\/svenska\/ilosenmaen-tuulivoimahanke-kaynnistyy\/#primaryimage\"},\"thumbnailUrl\":\"https:\/\/www.wpd.fi\/svenska\/wp-content\/uploads\/sites\/3\/2024\/11\/DSC_2005-1-scaled.jpg\",\"articleSection\":[\"General\",\"Ilosenm\u00e4ki\",\"wpd Suomi\"],\"inLanguage\":\"en-US\"},{\"@type\":\"WebPage\",\"@id\":\"https:\/\/www.wpd.fi\/svenska\/ilosenmaen-tuulivoimahanke-kaynnistyy\/\",\"url\":\"https:\/\/www.wpd.fi\/svenska\/ilosenmaen-tuulivoimahanke-kaynnistyy\/\",\"name\":\"Ilosenm\u00e4en tuulivoimahanke k\u00e4ynnistyy\",\"isPartOf\":{\"@id\":\"https:\/\/www.wpd.fi\/svenska\/#website\"},\"primaryImageOfPage\":{\"@id\":\"https:\/\/www.wpd.fi\/svenska\/ilosenmaen-tuulivoimahanke-kaynnistyy\/#primaryimage\"},\"image\":{\"@id\":\"https:\/\/www.wpd.fi\/svenska\/ilosenmaen-tuulivoimahanke-kaynnistyy\/#primaryimage\"},\"thumbnailUrl\":\"https:\/\/www.wpd.fi\/svenska\/wp-content\/uploads\/sites\/3\/2024\/11\/DSC_2005-1-scaled.jpg\",\"datePublished\":\"2024-11-27T09:51:08+00:00\",\"dateModified\":\"2024-11-28T10:23:27+00:00\",\"author\":{\"@id\":\"https:\/\/www.wpd.fi\/svenska\/#\/schema\/person\/011317efadb39239fb9510d239b57888\"},\"breadcrumb\":{\"@id\":\"https:\/\/www.wpd.fi\/svenska\/ilosenmaen-tuulivoimahanke-kaynnistyy\/#breadcrumb\"},\"inLanguage\":\"en-US\",\"potentialAction\":[{\"@type\":\"ReadAction\",\"target\":[\"https:\/\/www.wpd.fi\/svenska\/ilosenmaen-tuulivoimahanke-kaynnistyy\/\"]}]},{\"@type\":\"ImageObject\",\"inLanguage\":\"en-US\",\"@id\":\"https:\/\/www.wpd.fi\/svenska\/ilosenmaen-tuulivoimahanke-kaynnistyy\/#primaryimage\",\"url\":\"https:\/\/www.wpd.fi\/svenska\/wp-content\/uploads\/sites\/3\/2024\/11\/DSC_2005-1-scaled.jpg\",\"contentUrl\":\"https:\/\/www.wpd.fi\/svenska\/wp-content\/uploads\/sites\/3\/2024\/11\/DSC_2005-1-scaled.jpg\",\"width\":2560,\"height\":1709},{\"@type\":\"BreadcrumbList\",\"@id\":\"https:\/\/www.wpd.fi\/svenska\/ilosenmaen-tuulivoimahanke-kaynnistyy\/#breadcrumb\",\"itemListElement\":[{\"@type\":\"ListItem\",\"position\":1,\"name\":\"Startseite\",\"item\":\"https:\/\/www.wpd.fi\/svenska\/\"},{\"@type\":\"ListItem\",\"position\":2,\"name\":\"Ilosenm\u00e4en tuulivoimahanke k\u00e4ynnistyy\"}]},{\"@type\":\"WebSite\",\"@id\":\"https:\/\/www.wpd.fi\/svenska\/#website\",\"url\":\"https:\/\/www.wpd.fi\/svenska\/\",\"name\":\"wpd.fi Svenska\",\"description\":\"Utveckling, konstruktion och drift av projekt inom f\u00f6rnybar energi\",\"potentialAction\":[{\"@type\":\"SearchAction\",\"target\":{\"@type\":\"EntryPoint\",\"urlTemplate\":\"https:\/\/www.wpd.fi\/svenska\/?s={search_term_string}\"},\"query-input\":{\"@type\":\"PropertyValueSpecification\",\"valueRequired\":true,\"valueName\":\"search_term_string\"}}],\"inLanguage\":\"en-US\"},{\"@type\":\"Person\",\"@id\":\"https:\/\/www.wpd.fi\/svenska\/#\/schema\/person\/011317efadb39239fb9510d239b57888\",\"name\":\"skrappe\",\"url\":\"https:\/\/www.wpd.fi\/svenska\/author\/skrappe\/\"}]}<\/script>\n<!-- \/ Yoast SEO plugin. -->","yoast_head_json":{"title":"Ilosenm\u00e4en tuulivoimahanke k\u00e4ynnistyy","description":"Ilosenm\u00e4en tuulivoimahanke k\u00e4ynnistyy Rautalammin kunnanvaltuusto p\u00e4\u00e4tti 12.11.2024 kokouksessaan hyv\u00e4ksy\u00e4 tuulivoimayhti\u00f6 wpd Suomi Oy:n kaavoitusaloitteen Ilosenm\u00e4en tuulivoimahankkeen yleiskaavoituksen k\u00e4ynnist\u00e4misest\u00e4. Kaavoitusaloitteen","robots":{"index":"index","follow":"follow","max-snippet":"max-snippet:-1","max-image-preview":"max-image-preview:large","max-video-preview":"max-video-preview:-1"},"canonical":"https:\/\/www.wpd.fi\/svenska\/ilosenmaen-tuulivoimahanke-kaynnistyy\/","og_locale":"en_US","og_type":"article","og_title":"Ilosenm\u00e4en tuulivoimahanke k\u00e4ynnistyy","og_description":"Ilosenm\u00e4en tuulivoimahanke k\u00e4ynnistyy Rautalammin kunnanvaltuusto p\u00e4\u00e4tti 12.11.2024 kokouksessaan hyv\u00e4ksy\u00e4 tuulivoimayhti\u00f6 wpd Suomi Oy:n kaavoitusaloitteen Ilosenm\u00e4en tuulivoimahankkeen yleiskaavoituksen k\u00e4ynnist\u00e4misest\u00e4. Kaavoitusaloitteen","og_url":"https:\/\/www.wpd.fi\/svenska\/ilosenmaen-tuulivoimahanke-kaynnistyy\/","og_site_name":"wpd.fi Svenska","article_published_time":"2024-11-27T09:51:08+00:00","article_modified_time":"2024-11-28T10:23:27+00:00","og_image":[{"width":2560,"height":1709,"url":"https:\/\/www.wpd.fi\/svenska\/wp-content\/uploads\/sites\/3\/2024\/11\/DSC_2005-1-scaled.jpg","type":"image\/jpeg"}],"author":"skrappe","twitter_card":"summary_large_image","twitter_misc":{"Written by":"skrappe","Est. reading time":"1 minute"},"schema":{"@context":"https:\/\/schema.org","@graph":[{"@type":"Article","@id":"https:\/\/www.wpd.fi\/svenska\/ilosenmaen-tuulivoimahanke-kaynnistyy\/#article","isPartOf":{"@id":"https:\/\/www.wpd.fi\/svenska\/ilosenmaen-tuulivoimahanke-kaynnistyy\/"},"author":{"name":"skrappe","@id":"https:\/\/www.wpd.fi\/svenska\/#\/schema\/person\/011317efadb39239fb9510d239b57888"},"headline":"Ilosenm\u00e4en tuulivoimahanke k\u00e4ynnistyy","datePublished":"2024-11-27T09:51:08+00:00","dateModified":"2024-11-28T10:23:27+00:00","mainEntityOfPage":{"@id":"https:\/\/www.wpd.fi\/svenska\/ilosenmaen-tuulivoimahanke-kaynnistyy\/"},"wordCount":130,"image":{"@id":"https:\/\/www.wpd.fi\/svenska\/ilosenmaen-tuulivoimahanke-kaynnistyy\/#primaryimage"},"thumbnailUrl":"https:\/\/www.wpd.fi\/svenska\/wp-content\/uploads\/sites\/3\/2024\/11\/DSC_2005-1-scaled.jpg","articleSection":["General","Ilosenm\u00e4ki","wpd Suomi"],"inLanguage":"en-US"},{"@type":"WebPage","@id":"https:\/\/www.wpd.fi\/svenska\/ilosenmaen-tuulivoimahanke-kaynnistyy\/","url":"https:\/\/www.wpd.fi\/svenska\/ilosenmaen-tuulivoimahanke-kaynnistyy\/","name":"Ilosenm\u00e4en tuulivoimahanke k\u00e4ynnistyy","isPartOf":{"@id":"https:\/\/www.wpd.fi\/svenska\/#website"},"primaryImageOfPage":{"@id":"https:\/\/www.wpd.fi\/svenska\/ilosenmaen-tuulivoimahanke-kaynnistyy\/#primaryimage"},"image":{"@id":"https:\/\/www.wpd.fi\/svenska\/ilosenmaen-tuulivoimahanke-kaynnistyy\/#primaryimage"},"thumbnailUrl":"https:\/\/www.wpd.fi\/svenska\/wp-content\/uploads\/sites\/3\/2024\/11\/DSC_2005-1-scaled.jpg","datePublished":"2024-11-27T09:51:08+00:00","dateModified":"2024-11-28T10:23:27+00:00","author":{"@id":"https:\/\/www.wpd.fi\/svenska\/#\/schema\/person\/011317efadb39239fb9510d239b57888"},"breadcrumb":{"@id":"https:\/\/www.wpd.fi\/svenska\/ilosenmaen-tuulivoimahanke-kaynnistyy\/#breadcrumb"},"inLanguage":"en-US","potentialAction":[{"@type":"ReadAction","target":["https:\/\/www.wpd.fi\/svenska\/ilosenmaen-tuulivoimahanke-kaynnistyy\/"]}]},{"@type":"ImageObject","inLanguage":"en-US","@id":"https:\/\/www.wpd.fi\/svenska\/ilosenmaen-tuulivoimahanke-kaynnistyy\/#primaryimage","url":"https:\/\/www.wpd.fi\/svenska\/wp-content\/uploads\/sites\/3\/2024\/11\/DSC_2005-1-scaled.jpg","contentUrl":"https:\/\/www.wpd.fi\/svenska\/wp-content\/uploads\/sites\/3\/2024\/11\/DSC_2005-1-scaled.jpg","width":2560,"height":1709},{"@type":"BreadcrumbList","@id":"https:\/\/www.wpd.fi\/svenska\/ilosenmaen-tuulivoimahanke-kaynnistyy\/#breadcrumb","itemListElement":[{"@type":"ListItem","position":1,"name":"Startseite","item":"https:\/\/www.wpd.fi\/svenska\/"},{"@type":"ListItem","position":2,"name":"Ilosenm\u00e4en tuulivoimahanke k\u00e4ynnistyy"}]},{"@type":"WebSite","@id":"https:\/\/www.wpd.fi\/svenska\/#website","url":"https:\/\/www.wpd.fi\/svenska\/","name":"wpd.fi Svenska","description":"Utveckling, konstruktion och drift av projekt inom f\u00f6rnybar energi","potentialAction":[{"@type":"SearchAction","target":{"@type":"EntryPoint","urlTemplate":"https:\/\/www.wpd.fi\/svenska\/?s={search_term_string}"},"query-input":{"@type":"PropertyValueSpecification","valueRequired":true,"valueName":"search_term_string"}}],"inLanguage":"en-US"},{"@type":"Person","@id":"https:\/\/www.wpd.fi\/svenska\/#\/schema\/person\/011317efadb39239fb9510d239b57888","name":"skrappe","url":"https:\/\/www.wpd.fi\/svenska\/author\/skrappe\/"}]}},"publishpress_future_action":{"enabled":false,"date":"2026-05-09 11:12:08","action":"change-status","newStatus":"draft","terms":[],"taxonomy":"category","extraData":[]},"publishpress_future_workflow_manual_trigger":{"enabledWorkflows":[]},"_links":{"self":[{"href":"https:\/\/www.wpd.fi\/svenska\/wp-json\/wp\/v2\/posts\/6307","targetHints":{"allow":["GET"]}}],"collection":[{"href":"https:\/\/www.wpd.fi\/svenska\/wp-json\/wp\/v2\/posts"}],"about":[{"href":"https:\/\/www.wpd.fi\/svenska\/wp-json\/wp\/v2\/types\/post"}],"author":[{"embeddable":true,"href":"https:\/\/www.wpd.fi\/svenska\/wp-json\/wp\/v2\/users\/20"}],"replies":[{"embeddable":true,"href":"https:\/\/www.wpd.fi\/svenska\/wp-json\/wp\/v2\/comments?post=6307"}],"version-history":[{"count":5,"href":"https:\/\/www.wpd.fi\/svenska\/wp-json\/wp\/v2\/posts\/6307\/revisions"}],"predecessor-version":[{"id":6313,"href":"https:\/\/www.wpd.fi\/svenska\/wp-json\/wp\/v2\/posts\/6307\/revisions\/6313"}],"wp:featuredmedia":[{"embeddable":true,"href":"https:\/\/www.wpd.fi\/svenska\/wp-json\/wp\/v2\/media\/6308"}],"wp:attachment":[{"href":"https:\/\/www.wpd.fi\/svenska\/wp-json\/wp\/v2\/media?parent=6307"}],"wp:term":[{"taxonomy":"category","embeddable":true,"href":"https:\/\/www.wpd.fi\/svenska\/wp-json\/wp\/v2\/categories?post=6307"},{"taxonomy":"post_tag","embeddable":true,"href":"https:\/\/www.wpd.fi\/svenska\/wp-json\/wp\/v2\/tags?post=6307"}],"curies":[{"name":"wp","href":"https:\/\/api.w.org\/{rel}","templated":true}]}}