{"id":715,"date":"2011-02-14T11:50:38","date_gmt":"2011-02-14T11:50:38","guid":{"rendered":"http:\/\/staging.wpd.fi\/?p=715"},"modified":"2020-05-11T11:52:08","modified_gmt":"2020-05-11T11:52:08","slug":"kalajoen-jokelan-tuulipuistohankkeen-ymparistovaikutusten-arviointi-on-kaynnistynyt","status":"publish","type":"post","link":"https:\/\/www.wpd.fi\/svenska\/kalajoen-jokelan-tuulipuistohankkeen-ymparistovaikutusten-arviointi-on-kaynnistynyt\/","title":{"rendered":"Kalajoen Jokelan tuulipuistohankkeen ymp\u00e4rist\u00f6vaikutusten arviointi on k\u00e4ynnistynyt"},"content":{"rendered":"<p class=\"bodytext\">wpd Finland Oy suunnittelee 14\u201320 tuulivoimalan tuulipuistoa Kalajoen Jokelaan. Hankkeen ymp\u00e4rist\u00f6vaikutusten arviointiohjelma on valmistunut ja virallinen arviointimenettely (YVA) k\u00e4ynnistynyt. Arviointiohjelma on nyt n\u00e4ht\u00e4vill\u00e4 mielipiteit\u00e4 ja lausuntoja varten. Hanketta ja arviointiohjelmaa esitell\u00e4\u00e4n kaikille avoimessa yleis\u00f6tilaisuudessa Kalajoella torstaina 17. helmikuuta.<\/p>\n<p class=\"bodytext\">Arviointiohjelma on ty\u00f6suunnitelma, jossa kuvataan, mit\u00e4 selvityksi\u00e4 hankkeen ymp\u00e4rist\u00f6vaikutusten arvioimiseksi on tehty ja tullaan tekem\u00e4\u00e4n. Jokelan tuulipuistohankkeessa on tarkoitus arvioida muun muassa maisema- ja linnustovaikutuksia sek\u00e4 vaikutuksia asutukseen ja virkistysk\u00e4ytt\u00f6\u00f6n. Ohjelmassa esitet\u00e4\u00e4n muun muassa, ett\u00e4 maisemavaikutuksia havainnollistetaan kuvasovittein ja l\u00e4hiasukkaiden n\u00e4kemyksi\u00e4 selvitet\u00e4\u00e4n kirjeitse l\u00e4hetett\u00e4v\u00e4n asukaskyselyn avulla.<\/p>\n<p class=\"bodytext\">Jokelan tuulipuistohankkeen YVA-menettely\u00e4 ohjaa ja valvoo Pohjois-Pohjanmaan elinkeino-, liikenne- ja ymp\u00e4rist\u00f6keskus (ELY-keskus).<\/p>\n<p class=\"bodytext\">Yleis\u00f6tilaisuus j\u00e4rjestet\u00e4\u00e4n 17.2. klo 18:00 Kalajoen kaupungintalon valtuustosalissa (Kalajoentie 5). Kahvitarjoilu klo 17:30 alkaen.<\/p>\n<p class=\"bodytext\">YVA-ohjelmaa koskevia mielipiteit\u00e4 voi j\u00e4tt\u00e4\u00e4 Pohjois-Pohjanmaan ELY-keskukselle 25.3.2011 menness\u00e4.<\/p>\n<p class=\"bodytext\">\n<b>Lis\u00e4tietoja:<\/b><\/p>\n<p class=\"bodytext\">wpd Finland Oy:<br \/>\nHeli Rissanen, Varatoimitusjohtaja, Ymp\u00e4rist\u00f6 ja yhteiskuntasuhteet<br \/>\ngsm 040 578 7584, <a href=\"&#x6d;&#97;&#x69;&#x6c;t&#x6f;&#58;h&#x2e;&#114;i&#x73;&#115;&#x61;&#x6e;e&#x6e;&#64;w&#x70;&#100;&#46;&#x66;&#105;\">h.rissanen (et) wpd.fi<\/a><br \/>\n<a href=\"http:\/\/www.wpd.fi\/svenska\/\" target=\"_blank\" rel=\"noopener noreferrer\">www.wpd.fi\/svenska<\/a>\u00a0&gt; Tuulivoimaprojektit &gt; Maatuulivoima &gt; Kalajoki &#8211; Jokela<\/p>\n<p class=\"bodytext\">YVA-menettelyst\u00e4 my\u00f6s Pohjois-Pohjanmaan ELY-keskus:<br \/>\nLiisa Kantola, erikoissuunnittelija<br \/>\ngsm 040 545 2665, <a href=\"&#x6d;&#97;i&#x6c;&#116;&#111;&#x3a;&#x6c;&#105;i&#x73;&#97;&#46;&#x6b;&#x61;&#110;t&#x6f;&#108;a&#x40;&#x65;&#108;y&#x2d;&#107;e&#x73;&#x6b;&#117;s&#x2e;&#102;i\">liisa.kantola (et) ely-keskus.fi<\/a><br \/>\n<a href=\"http:\/\/www.ely-keskus.fi\/pohjois-pohjanmaa\/yva\" target=\"_blank\" rel=\"noopener noreferrer\">www.ely-keskus.fi\/pohjois-pohjanmaa\/yva<\/a>\u00a0&gt; Vireill\u00e4 olevat yva-hankkeet &gt; Energian tuotanto<\/p>\n","protected":false},"excerpt":{"rendered":"wpd Finland Oy suunnittelee 14\u201320 tuulivoimalan tuulipuistoa Kalajoen Jokelaan. Hankkeen ymp\u00e4rist\u00f6vaikutusten arviointiohjelma on valmistunut ja virallinen arviointimenettely (YVA) k\u00e4ynnistynyt. Arviointiohjelma on nyt n\u00e4ht\u00e4vill\u00e4 mielipiteit\u00e4 ja lausuntoja varten. Hanketta ja arviointiohjelmaa esitell\u00e4\u00e4n kaikille avoimessa yleis\u00f6tilaisuudessa Kalajoella torstaina 17. helmikuuta. Arviointiohjelma on ty\u00f6suunnitelma, jossa kuvataan, mit\u00e4 selvityksi\u00e4 hankkeen ymp\u00e4rist\u00f6vaikutusten arvioimiseksi on tehty ja tullaan tekem\u00e4\u00e4n. Jokelan tuulipuistohankkeessa [&hellip;]","protected":false},"author":2,"featured_media":0,"comment_status":"open","ping_status":"open","sticky":false,"template":"","format":"standard","meta":{"_acf_changed":false,"footnotes":""},"categories":[1],"tags":[],"class_list":["post-715","post","type-post","status-publish","format-standard","hentry","category-general"],"acf":[],"yoast_head":"<!-- This site is optimized with the Yoast SEO plugin v27.0 - https:\/\/yoast.com\/product\/yoast-seo-wordpress\/ -->\n<title>Kalajoen Jokelan tuulipuistohankkeen ymp\u00e4rist\u00f6vaikutusten arviointi on k\u00e4ynnistynyt<\/title>\n<meta name=\"description\" content=\"wpd Finland Oy suunnittelee 14\u201320 tuulivoimalan tuulipuistoa Kalajoen Jokelaan. Hankkeen ymp\u00e4rist\u00f6vaikutusten arviointiohjelma on valmistunut ja virallinen arviointimenettely (YVA) k\u00e4ynnistynyt. Arviointiohjelma on nyt n\u00e4ht\u00e4vill\u00e4 mielipiteit\u00e4 j\" \/>\n<meta name=\"robots\" content=\"index, follow, max-snippet:-1, max-image-preview:large, max-video-preview:-1\" \/>\n<link rel=\"canonical\" href=\"https:\/\/www.wpd.fi\/svenska\/kalajoen-jokelan-tuulipuistohankkeen-ymparistovaikutusten-arviointi-on-kaynnistynyt\/\" \/>\n<meta property=\"og:locale\" content=\"en_US\" \/>\n<meta property=\"og:type\" content=\"article\" \/>\n<meta property=\"og:title\" content=\"Kalajoen Jokelan tuulipuistohankkeen ymp\u00e4rist\u00f6vaikutusten arviointi on k\u00e4ynnistynyt\" \/>\n<meta property=\"og:description\" content=\"wpd Finland Oy suunnittelee 14\u201320 tuulivoimalan tuulipuistoa Kalajoen Jokelaan. Hankkeen ymp\u00e4rist\u00f6vaikutusten arviointiohjelma on valmistunut ja virallinen arviointimenettely (YVA) k\u00e4ynnistynyt. Arviointiohjelma on nyt n\u00e4ht\u00e4vill\u00e4 mielipiteit\u00e4 j\" \/>\n<meta property=\"og:url\" content=\"https:\/\/www.wpd.fi\/svenska\/kalajoen-jokelan-tuulipuistohankkeen-ymparistovaikutusten-arviointi-on-kaynnistynyt\/\" \/>\n<meta property=\"og:site_name\" content=\"wpd.fi Svenska\" \/>\n<meta property=\"article:published_time\" content=\"2011-02-14T11:50:38+00:00\" \/>\n<meta property=\"article:modified_time\" content=\"2020-05-11T11:52:08+00:00\" \/>\n<meta name=\"author\" content=\"sschuerle\" \/>\n<meta name=\"twitter:card\" content=\"summary_large_image\" \/>\n<meta name=\"twitter:label1\" content=\"Written by\" \/>\n\t<meta name=\"twitter:data1\" content=\"sschuerle\" \/>\n\t<meta name=\"twitter:label2\" content=\"Est. reading time\" \/>\n\t<meta name=\"twitter:data2\" content=\"1 minute\" \/>\n<script type=\"application\/ld+json\" class=\"yoast-schema-graph\">{\"@context\":\"https:\/\/schema.org\",\"@graph\":[{\"@type\":\"Article\",\"@id\":\"https:\/\/www.wpd.fi\/svenska\/kalajoen-jokelan-tuulipuistohankkeen-ymparistovaikutusten-arviointi-on-kaynnistynyt\/#article\",\"isPartOf\":{\"@id\":\"https:\/\/www.wpd.fi\/svenska\/kalajoen-jokelan-tuulipuistohankkeen-ymparistovaikutusten-arviointi-on-kaynnistynyt\/\"},\"author\":{\"name\":\"sschuerle\",\"@id\":\"https:\/\/www.wpd.fi\/svenska\/#\/schema\/person\/4605249712e1db0ef244f5027f91ab4a\"},\"headline\":\"Kalajoen Jokelan tuulipuistohankkeen ymp\u00e4rist\u00f6vaikutusten arviointi on k\u00e4ynnistynyt\",\"datePublished\":\"2011-02-14T11:50:38+00:00\",\"dateModified\":\"2020-05-11T11:52:08+00:00\",\"mainEntityOfPage\":{\"@id\":\"https:\/\/www.wpd.fi\/svenska\/kalajoen-jokelan-tuulipuistohankkeen-ymparistovaikutusten-arviointi-on-kaynnistynyt\/\"},\"wordCount\":204,\"commentCount\":0,\"articleSection\":[\"General\"],\"inLanguage\":\"en-US\",\"potentialAction\":[{\"@type\":\"CommentAction\",\"name\":\"Comment\",\"target\":[\"https:\/\/www.wpd.fi\/svenska\/kalajoen-jokelan-tuulipuistohankkeen-ymparistovaikutusten-arviointi-on-kaynnistynyt\/#respond\"]}]},{\"@type\":\"WebPage\",\"@id\":\"https:\/\/www.wpd.fi\/svenska\/kalajoen-jokelan-tuulipuistohankkeen-ymparistovaikutusten-arviointi-on-kaynnistynyt\/\",\"url\":\"https:\/\/www.wpd.fi\/svenska\/kalajoen-jokelan-tuulipuistohankkeen-ymparistovaikutusten-arviointi-on-kaynnistynyt\/\",\"name\":\"Kalajoen Jokelan tuulipuistohankkeen ymp\u00e4rist\u00f6vaikutusten arviointi on k\u00e4ynnistynyt\",\"isPartOf\":{\"@id\":\"https:\/\/www.wpd.fi\/svenska\/#website\"},\"datePublished\":\"2011-02-14T11:50:38+00:00\",\"dateModified\":\"2020-05-11T11:52:08+00:00\",\"author\":{\"@id\":\"https:\/\/www.wpd.fi\/svenska\/#\/schema\/person\/4605249712e1db0ef244f5027f91ab4a\"},\"breadcrumb\":{\"@id\":\"https:\/\/www.wpd.fi\/svenska\/kalajoen-jokelan-tuulipuistohankkeen-ymparistovaikutusten-arviointi-on-kaynnistynyt\/#breadcrumb\"},\"inLanguage\":\"en-US\",\"potentialAction\":[{\"@type\":\"ReadAction\",\"target\":[\"https:\/\/www.wpd.fi\/svenska\/kalajoen-jokelan-tuulipuistohankkeen-ymparistovaikutusten-arviointi-on-kaynnistynyt\/\"]}]},{\"@type\":\"BreadcrumbList\",\"@id\":\"https:\/\/www.wpd.fi\/svenska\/kalajoen-jokelan-tuulipuistohankkeen-ymparistovaikutusten-arviointi-on-kaynnistynyt\/#breadcrumb\",\"itemListElement\":[{\"@type\":\"ListItem\",\"position\":1,\"name\":\"Startseite\",\"item\":\"https:\/\/www.wpd.fi\/svenska\/\"},{\"@type\":\"ListItem\",\"position\":2,\"name\":\"Kalajoen Jokelan tuulipuistohankkeen ymp\u00e4rist\u00f6vaikutusten arviointi on k\u00e4ynnistynyt\"}]},{\"@type\":\"WebSite\",\"@id\":\"https:\/\/www.wpd.fi\/svenska\/#website\",\"url\":\"https:\/\/www.wpd.fi\/svenska\/\",\"name\":\"wpd.fi Svenska\",\"description\":\"Utveckling, konstruktion och drift av projekt inom f\u00f6rnybar energi\",\"potentialAction\":[{\"@type\":\"SearchAction\",\"target\":{\"@type\":\"EntryPoint\",\"urlTemplate\":\"https:\/\/www.wpd.fi\/svenska\/?s={search_term_string}\"},\"query-input\":{\"@type\":\"PropertyValueSpecification\",\"valueRequired\":true,\"valueName\":\"search_term_string\"}}],\"inLanguage\":\"en-US\"},{\"@type\":\"Person\",\"@id\":\"https:\/\/www.wpd.fi\/svenska\/#\/schema\/person\/4605249712e1db0ef244f5027f91ab4a\",\"name\":\"sschuerle\",\"url\":\"https:\/\/www.wpd.fi\/svenska\/author\/sschuerle\/\"}]}<\/script>\n<!-- \/ Yoast SEO plugin. -->","yoast_head_json":{"title":"Kalajoen Jokelan tuulipuistohankkeen ymp\u00e4rist\u00f6vaikutusten arviointi on k\u00e4ynnistynyt","description":"wpd Finland Oy suunnittelee 14\u201320 tuulivoimalan tuulipuistoa Kalajoen Jokelaan. Hankkeen ymp\u00e4rist\u00f6vaikutusten arviointiohjelma on valmistunut ja virallinen arviointimenettely (YVA) k\u00e4ynnistynyt. Arviointiohjelma on nyt n\u00e4ht\u00e4vill\u00e4 mielipiteit\u00e4 j","robots":{"index":"index","follow":"follow","max-snippet":"max-snippet:-1","max-image-preview":"max-image-preview:large","max-video-preview":"max-video-preview:-1"},"canonical":"https:\/\/www.wpd.fi\/svenska\/kalajoen-jokelan-tuulipuistohankkeen-ymparistovaikutusten-arviointi-on-kaynnistynyt\/","og_locale":"en_US","og_type":"article","og_title":"Kalajoen Jokelan tuulipuistohankkeen ymp\u00e4rist\u00f6vaikutusten arviointi on k\u00e4ynnistynyt","og_description":"wpd Finland Oy suunnittelee 14\u201320 tuulivoimalan tuulipuistoa Kalajoen Jokelaan. Hankkeen ymp\u00e4rist\u00f6vaikutusten arviointiohjelma on valmistunut ja virallinen arviointimenettely (YVA) k\u00e4ynnistynyt. Arviointiohjelma on nyt n\u00e4ht\u00e4vill\u00e4 mielipiteit\u00e4 j","og_url":"https:\/\/www.wpd.fi\/svenska\/kalajoen-jokelan-tuulipuistohankkeen-ymparistovaikutusten-arviointi-on-kaynnistynyt\/","og_site_name":"wpd.fi Svenska","article_published_time":"2011-02-14T11:50:38+00:00","article_modified_time":"2020-05-11T11:52:08+00:00","author":"sschuerle","twitter_card":"summary_large_image","twitter_misc":{"Written by":"sschuerle","Est. reading time":"1 minute"},"schema":{"@context":"https:\/\/schema.org","@graph":[{"@type":"Article","@id":"https:\/\/www.wpd.fi\/svenska\/kalajoen-jokelan-tuulipuistohankkeen-ymparistovaikutusten-arviointi-on-kaynnistynyt\/#article","isPartOf":{"@id":"https:\/\/www.wpd.fi\/svenska\/kalajoen-jokelan-tuulipuistohankkeen-ymparistovaikutusten-arviointi-on-kaynnistynyt\/"},"author":{"name":"sschuerle","@id":"https:\/\/www.wpd.fi\/svenska\/#\/schema\/person\/4605249712e1db0ef244f5027f91ab4a"},"headline":"Kalajoen Jokelan tuulipuistohankkeen ymp\u00e4rist\u00f6vaikutusten arviointi on k\u00e4ynnistynyt","datePublished":"2011-02-14T11:50:38+00:00","dateModified":"2020-05-11T11:52:08+00:00","mainEntityOfPage":{"@id":"https:\/\/www.wpd.fi\/svenska\/kalajoen-jokelan-tuulipuistohankkeen-ymparistovaikutusten-arviointi-on-kaynnistynyt\/"},"wordCount":204,"commentCount":0,"articleSection":["General"],"inLanguage":"en-US","potentialAction":[{"@type":"CommentAction","name":"Comment","target":["https:\/\/www.wpd.fi\/svenska\/kalajoen-jokelan-tuulipuistohankkeen-ymparistovaikutusten-arviointi-on-kaynnistynyt\/#respond"]}]},{"@type":"WebPage","@id":"https:\/\/www.wpd.fi\/svenska\/kalajoen-jokelan-tuulipuistohankkeen-ymparistovaikutusten-arviointi-on-kaynnistynyt\/","url":"https:\/\/www.wpd.fi\/svenska\/kalajoen-jokelan-tuulipuistohankkeen-ymparistovaikutusten-arviointi-on-kaynnistynyt\/","name":"Kalajoen Jokelan tuulipuistohankkeen ymp\u00e4rist\u00f6vaikutusten arviointi on k\u00e4ynnistynyt","isPartOf":{"@id":"https:\/\/www.wpd.fi\/svenska\/#website"},"datePublished":"2011-02-14T11:50:38+00:00","dateModified":"2020-05-11T11:52:08+00:00","author":{"@id":"https:\/\/www.wpd.fi\/svenska\/#\/schema\/person\/4605249712e1db0ef244f5027f91ab4a"},"breadcrumb":{"@id":"https:\/\/www.wpd.fi\/svenska\/kalajoen-jokelan-tuulipuistohankkeen-ymparistovaikutusten-arviointi-on-kaynnistynyt\/#breadcrumb"},"inLanguage":"en-US","potentialAction":[{"@type":"ReadAction","target":["https:\/\/www.wpd.fi\/svenska\/kalajoen-jokelan-tuulipuistohankkeen-ymparistovaikutusten-arviointi-on-kaynnistynyt\/"]}]},{"@type":"BreadcrumbList","@id":"https:\/\/www.wpd.fi\/svenska\/kalajoen-jokelan-tuulipuistohankkeen-ymparistovaikutusten-arviointi-on-kaynnistynyt\/#breadcrumb","itemListElement":[{"@type":"ListItem","position":1,"name":"Startseite","item":"https:\/\/www.wpd.fi\/svenska\/"},{"@type":"ListItem","position":2,"name":"Kalajoen Jokelan tuulipuistohankkeen ymp\u00e4rist\u00f6vaikutusten arviointi on k\u00e4ynnistynyt"}]},{"@type":"WebSite","@id":"https:\/\/www.wpd.fi\/svenska\/#website","url":"https:\/\/www.wpd.fi\/svenska\/","name":"wpd.fi Svenska","description":"Utveckling, konstruktion och drift av projekt inom f\u00f6rnybar energi","potentialAction":[{"@type":"SearchAction","target":{"@type":"EntryPoint","urlTemplate":"https:\/\/www.wpd.fi\/svenska\/?s={search_term_string}"},"query-input":{"@type":"PropertyValueSpecification","valueRequired":true,"valueName":"search_term_string"}}],"inLanguage":"en-US"},{"@type":"Person","@id":"https:\/\/www.wpd.fi\/svenska\/#\/schema\/person\/4605249712e1db0ef244f5027f91ab4a","name":"sschuerle","url":"https:\/\/www.wpd.fi\/svenska\/author\/sschuerle\/"}]}},"publishpress_future_action":{"enabled":false,"date":"2026-05-06 22:26:35","action":"change-status","newStatus":"draft","terms":[],"taxonomy":"category","extraData":[]},"publishpress_future_workflow_manual_trigger":{"enabledWorkflows":[]},"_links":{"self":[{"href":"https:\/\/www.wpd.fi\/svenska\/wp-json\/wp\/v2\/posts\/715","targetHints":{"allow":["GET"]}}],"collection":[{"href":"https:\/\/www.wpd.fi\/svenska\/wp-json\/wp\/v2\/posts"}],"about":[{"href":"https:\/\/www.wpd.fi\/svenska\/wp-json\/wp\/v2\/types\/post"}],"author":[{"embeddable":true,"href":"https:\/\/www.wpd.fi\/svenska\/wp-json\/wp\/v2\/users\/2"}],"replies":[{"embeddable":true,"href":"https:\/\/www.wpd.fi\/svenska\/wp-json\/wp\/v2\/comments?post=715"}],"version-history":[{"count":1,"href":"https:\/\/www.wpd.fi\/svenska\/wp-json\/wp\/v2\/posts\/715\/revisions"}],"predecessor-version":[{"id":716,"href":"https:\/\/www.wpd.fi\/svenska\/wp-json\/wp\/v2\/posts\/715\/revisions\/716"}],"wp:attachment":[{"href":"https:\/\/www.wpd.fi\/svenska\/wp-json\/wp\/v2\/media?parent=715"}],"wp:term":[{"taxonomy":"category","embeddable":true,"href":"https:\/\/www.wpd.fi\/svenska\/wp-json\/wp\/v2\/categories?post=715"},{"taxonomy":"post_tag","embeddable":true,"href":"https:\/\/www.wpd.fi\/svenska\/wp-json\/wp\/v2\/tags?post=715"}],"curies":[{"name":"wp","href":"https:\/\/api.w.org\/{rel}","templated":true}]}}