{"id":749,"date":"2009-03-26T12:28:51","date_gmt":"2009-03-26T12:28:51","guid":{"rendered":"http:\/\/staging.wpd.fi\/?p=749"},"modified":"2020-05-11T12:31:06","modified_gmt":"2020-05-11T12:31:06","slug":"mielmukkavaaran-tuulipuistohankkeen-ymparistoselvitykset-kaynnistetty","status":"publish","type":"post","link":"https:\/\/www.wpd.fi\/svenska\/mielmukkavaaran-tuulipuistohankkeen-ymparistoselvitykset-kaynnistetty\/","title":{"rendered":"Mielmukkavaaran tuulipuistohankkeen ymp\u00e4rist\u00f6selvitykset k\u00e4ynnistetty"},"content":{"rendered":"<p>Katso t\u00e4st\u00e4 Mielmukkavaaran tuulipuiston valokuvasovite.<br \/>\n(Klikkaa kuvaa n\u00e4hd\u00e4ksesi se isompana)<br \/>\n\u00a9 P\u00f6yry Energy Oy<\/p>\n<p>wpd Finland Oy ja Mets\u00e4hallitus suunnittelevat 10\u201315 yksik\u00f6n tuulipuistoa Muonion Mielmukkavaaran. Hanke on edennyt ymp\u00e4rist\u00f6vaikutusten arviointiohjelmavaiheeseen. Arviointiohjelma on ty\u00f6suunnitelma, jossa esitell\u00e4\u00e4n, mit\u00e4 selvityksi\u00e4 hankkeen ymp\u00e4rist\u00f6vaikutusten arvioimiseksi tullaan tekem\u00e4\u00e4n.<\/p>\n<p>Arviointiohjelmaa k\u00e4sittelev\u00e4 yleis\u00f6tilaisuus j\u00e4rjestet\u00e4\u00e4n 30.3.2009 Muonion Yl\u00e4koulun auditoriossa. Tilaisuus on kaikille avoin. \u201dToivomme mahdollisimman vilkasta osallistumista tilaisuuteen\u201d sanoo johtaja Heli Rissanen wpd Finland Oy:st\u00e4. Yleis\u00f6tilaisuudessa esitell\u00e4\u00e4n arviointiohjelman keskeist\u00e4 sis\u00e4lt\u00f6\u00e4 sek\u00e4 keskustellaan tulevista selvityksist\u00e4, joissa arvioidaan vaikutukset muun muassa luontoon, maank\u00e4ytt\u00f6\u00f6n ja maisemaan. My\u00f6s muoniolaisten mielipiteit\u00e4 selvitet\u00e4\u00e4n kyselytutkimuksen avulla.<\/p>\n<p>Ymp\u00e4rist\u00f6vaikutusten arviointimenettely (YVA) on lakis\u00e4\u00e4teinen menettely ja sit\u00e4 valvoo yhteysviranomaisena Lapin ymp\u00e4rist\u00f6keskus. Arviointiohjelmavaihetta seuraa my\u00f6hemmin t\u00e4n\u00e4 vuonna arviointiselostusvaihe, jolloin esitell\u00e4\u00e4n tehtyjen ymp\u00e4rist\u00f6selvitysten tuloksista.<\/p>\n<p>Yleis\u00f6tilaisuus alkaa klo 18:00 Yl\u00e4koulun auditoriossa, osoitteessa Opintie 8, jonne kaikki ovat l\u00e4mpim\u00e4sti tervetulleita! Kahvitarjoilu!<\/p>\n<p><b>Lis\u00e4tietoja:<\/b><\/p>\n<p>Heli Rissanen, Johtaja, Ymp\u00e4rist\u00f6 ja yhteiskuntasuhteet, wpd Finland Oy<br \/>\ngsm +358 40 578 7584, <a href=\"&#x6d;&#97;&#105;l&#x74;&#x6f;&#58;h&#x2e;&#x72;&#105;ss&#x61;&#110;&#101;n&#x40;&#x77;&#112;d&#x2e;&#x66;&#105;\">h.rissanen(et)wpd.fi<\/a><br \/>\nwww.wpd.fi\/svenska &gt; Ajankohtaiset projektit &gt; Mielmukkavaara<\/p>\n<p>Hannu Tilja, Suunnittelup\u00e4\u00e4llikk\u00f6, Mets\u00e4hallitus<br \/>\ngsm +358 400 219 352, <a href=\"&#x6d;&#97;&#105;l&#x74;&#x6f;&#58;h&#x61;&#x6e;&#110;u&#x2e;&#x74;&#105;l&#x6a;&#x61;&#64;m&#x65;&#x74;&#115;a&#x2e;&#x66;&#105;\">hannu.tilja(et)metsa.fi<\/a><br \/>\nwww.laatumaa.com &gt; Tuulivoima<\/p>\n<p><b>wpd<\/b><br \/>\nwpd Finland Oy sijaitsee Espoossa ja kuuluu wpd-konserniin \u2013 yhteen Euroopan johtavista tuulivoimatoimijoista. wpd:ll\u00e4 on kokemusta projektien kehitt\u00e4misest\u00e4, rakentamisesta, rahoittamisesta ja yli 1400 onshore -tuulivoimalan rakentamisesta Euroopassa ja Aasiassa. N\u00e4iden projektien yhteenlaskettu kapasiteetti on yli 2000 MW. www.wpd.fi\/svenska<\/p>\n<p><b>Mets\u00e4hallitus<\/b><br \/>\nMets\u00e4hallitus vastaa lis\u00e4\u00e4ntyv\u00e4\u00e4n uusiutuvan energian tarpeeseen kehitt\u00e4m\u00e4ll\u00e4 tuulivoimatuotantoon sopivia alueita yhdess\u00e4 alan toimijoiden kanssa. Lis\u00e4ksi tavoitteena on my\u00f6s osallistua tuulivoiman tuotantohankkeisiin. www.laatumaa.com ja www.metsa.fi<\/p>\n<p>\u2013 T\u00e4m\u00e4n lehdist\u00f6tiedotteen jakelusta vastaa wpd Finland Oy.<\/p>\n","protected":false},"excerpt":{"rendered":"Katso t\u00e4st\u00e4 Mielmukkavaaran tuulipuiston valokuvasovite. (Klikkaa kuvaa n\u00e4hd\u00e4ksesi se isompana) \u00a9 P\u00f6yry Energy Oy wpd Finland Oy ja Mets\u00e4hallitus suunnittelevat 10\u201315 yksik\u00f6n tuulipuistoa Muonion Mielmukkavaaran. Hanke on edennyt ymp\u00e4rist\u00f6vaikutusten arviointiohjelmavaiheeseen. Arviointiohjelma on ty\u00f6suunnitelma, jossa esitell\u00e4\u00e4n, mit\u00e4 selvityksi\u00e4 hankkeen ymp\u00e4rist\u00f6vaikutusten arvioimiseksi tullaan tekem\u00e4\u00e4n. Arviointiohjelmaa k\u00e4sittelev\u00e4 yleis\u00f6tilaisuus j\u00e4rjestet\u00e4\u00e4n 30.3.2009 Muonion Yl\u00e4koulun auditoriossa. Tilaisuus on kaikille avoin. \u201dToivomme [&hellip;]","protected":false},"author":2,"featured_media":0,"comment_status":"open","ping_status":"open","sticky":false,"template":"","format":"standard","meta":{"_acf_changed":false,"footnotes":""},"categories":[1],"tags":[],"class_list":["post-749","post","type-post","status-publish","format-standard","hentry","category-general"],"acf":[],"yoast_head":"<!-- This site is optimized with the Yoast SEO plugin v27.0 - https:\/\/yoast.com\/product\/yoast-seo-wordpress\/ -->\n<title>Mielmukkavaaran tuulipuistohankkeen ymp\u00e4rist\u00f6selvitykset k\u00e4ynnistetty<\/title>\n<meta name=\"description\" content=\"Katso t\u00e4st\u00e4 Mielmukkavaaran tuulipuiston valokuvasovite. (Klikkaa kuvaa n\u00e4hd\u00e4ksesi se isompana) \u00a9 P\u00f6yry Energy Oy wpd Finland Oy ja Mets\u00e4hallitus suunnittelevat 10\u201315 yksik\u00f6n tuulipuistoa Muonion Mielmukkavaaran. Hanke on edennyt ymp\u00e4rist\u00f6\" \/>\n<meta name=\"robots\" content=\"index, follow, max-snippet:-1, max-image-preview:large, max-video-preview:-1\" \/>\n<link rel=\"canonical\" href=\"https:\/\/www.wpd.fi\/svenska\/mielmukkavaaran-tuulipuistohankkeen-ymparistoselvitykset-kaynnistetty\/\" \/>\n<meta property=\"og:locale\" content=\"en_US\" \/>\n<meta property=\"og:type\" content=\"article\" \/>\n<meta property=\"og:title\" content=\"Mielmukkavaaran tuulipuistohankkeen ymp\u00e4rist\u00f6selvitykset k\u00e4ynnistetty\" \/>\n<meta property=\"og:description\" content=\"Katso t\u00e4st\u00e4 Mielmukkavaaran tuulipuiston valokuvasovite. (Klikkaa kuvaa n\u00e4hd\u00e4ksesi se isompana) \u00a9 P\u00f6yry Energy Oy wpd Finland Oy ja Mets\u00e4hallitus suunnittelevat 10\u201315 yksik\u00f6n tuulipuistoa Muonion Mielmukkavaaran. Hanke on edennyt ymp\u00e4rist\u00f6\" \/>\n<meta property=\"og:url\" content=\"https:\/\/www.wpd.fi\/svenska\/mielmukkavaaran-tuulipuistohankkeen-ymparistoselvitykset-kaynnistetty\/\" \/>\n<meta property=\"og:site_name\" content=\"wpd.fi Svenska\" \/>\n<meta property=\"article:published_time\" content=\"2009-03-26T12:28:51+00:00\" \/>\n<meta property=\"article:modified_time\" content=\"2020-05-11T12:31:06+00:00\" \/>\n<meta name=\"author\" content=\"sschuerle\" \/>\n<meta name=\"twitter:card\" content=\"summary_large_image\" \/>\n<meta name=\"twitter:label1\" content=\"Written by\" \/>\n\t<meta name=\"twitter:data1\" content=\"sschuerle\" \/>\n\t<meta name=\"twitter:label2\" content=\"Est. reading time\" \/>\n\t<meta name=\"twitter:data2\" content=\"1 minute\" \/>\n<script type=\"application\/ld+json\" class=\"yoast-schema-graph\">{\"@context\":\"https:\/\/schema.org\",\"@graph\":[{\"@type\":\"Article\",\"@id\":\"https:\/\/www.wpd.fi\/svenska\/mielmukkavaaran-tuulipuistohankkeen-ymparistoselvitykset-kaynnistetty\/#article\",\"isPartOf\":{\"@id\":\"https:\/\/www.wpd.fi\/svenska\/mielmukkavaaran-tuulipuistohankkeen-ymparistoselvitykset-kaynnistetty\/\"},\"author\":{\"name\":\"sschuerle\",\"@id\":\"https:\/\/www.wpd.fi\/svenska\/#\/schema\/person\/4605249712e1db0ef244f5027f91ab4a\"},\"headline\":\"Mielmukkavaaran tuulipuistohankkeen ymp\u00e4rist\u00f6selvitykset k\u00e4ynnistetty\",\"datePublished\":\"2009-03-26T12:28:51+00:00\",\"dateModified\":\"2020-05-11T12:31:06+00:00\",\"mainEntityOfPage\":{\"@id\":\"https:\/\/www.wpd.fi\/svenska\/mielmukkavaaran-tuulipuistohankkeen-ymparistoselvitykset-kaynnistetty\/\"},\"wordCount\":303,\"commentCount\":0,\"articleSection\":[\"General\"],\"inLanguage\":\"en-US\",\"potentialAction\":[{\"@type\":\"CommentAction\",\"name\":\"Comment\",\"target\":[\"https:\/\/www.wpd.fi\/svenska\/mielmukkavaaran-tuulipuistohankkeen-ymparistoselvitykset-kaynnistetty\/#respond\"]}]},{\"@type\":\"WebPage\",\"@id\":\"https:\/\/www.wpd.fi\/svenska\/mielmukkavaaran-tuulipuistohankkeen-ymparistoselvitykset-kaynnistetty\/\",\"url\":\"https:\/\/www.wpd.fi\/svenska\/mielmukkavaaran-tuulipuistohankkeen-ymparistoselvitykset-kaynnistetty\/\",\"name\":\"Mielmukkavaaran tuulipuistohankkeen ymp\u00e4rist\u00f6selvitykset k\u00e4ynnistetty\",\"isPartOf\":{\"@id\":\"https:\/\/www.wpd.fi\/svenska\/#website\"},\"datePublished\":\"2009-03-26T12:28:51+00:00\",\"dateModified\":\"2020-05-11T12:31:06+00:00\",\"author\":{\"@id\":\"https:\/\/www.wpd.fi\/svenska\/#\/schema\/person\/4605249712e1db0ef244f5027f91ab4a\"},\"breadcrumb\":{\"@id\":\"https:\/\/www.wpd.fi\/svenska\/mielmukkavaaran-tuulipuistohankkeen-ymparistoselvitykset-kaynnistetty\/#breadcrumb\"},\"inLanguage\":\"en-US\",\"potentialAction\":[{\"@type\":\"ReadAction\",\"target\":[\"https:\/\/www.wpd.fi\/svenska\/mielmukkavaaran-tuulipuistohankkeen-ymparistoselvitykset-kaynnistetty\/\"]}]},{\"@type\":\"BreadcrumbList\",\"@id\":\"https:\/\/www.wpd.fi\/svenska\/mielmukkavaaran-tuulipuistohankkeen-ymparistoselvitykset-kaynnistetty\/#breadcrumb\",\"itemListElement\":[{\"@type\":\"ListItem\",\"position\":1,\"name\":\"Startseite\",\"item\":\"https:\/\/www.wpd.fi\/svenska\/\"},{\"@type\":\"ListItem\",\"position\":2,\"name\":\"Mielmukkavaaran tuulipuistohankkeen ymp\u00e4rist\u00f6selvitykset k\u00e4ynnistetty\"}]},{\"@type\":\"WebSite\",\"@id\":\"https:\/\/www.wpd.fi\/svenska\/#website\",\"url\":\"https:\/\/www.wpd.fi\/svenska\/\",\"name\":\"wpd.fi Svenska\",\"description\":\"Utveckling, konstruktion och drift av projekt inom f\u00f6rnybar energi\",\"potentialAction\":[{\"@type\":\"SearchAction\",\"target\":{\"@type\":\"EntryPoint\",\"urlTemplate\":\"https:\/\/www.wpd.fi\/svenska\/?s={search_term_string}\"},\"query-input\":{\"@type\":\"PropertyValueSpecification\",\"valueRequired\":true,\"valueName\":\"search_term_string\"}}],\"inLanguage\":\"en-US\"},{\"@type\":\"Person\",\"@id\":\"https:\/\/www.wpd.fi\/svenska\/#\/schema\/person\/4605249712e1db0ef244f5027f91ab4a\",\"name\":\"sschuerle\",\"url\":\"https:\/\/www.wpd.fi\/svenska\/author\/sschuerle\/\"}]}<\/script>\n<!-- \/ Yoast SEO plugin. -->","yoast_head_json":{"title":"Mielmukkavaaran tuulipuistohankkeen ymp\u00e4rist\u00f6selvitykset k\u00e4ynnistetty","description":"Katso t\u00e4st\u00e4 Mielmukkavaaran tuulipuiston valokuvasovite. (Klikkaa kuvaa n\u00e4hd\u00e4ksesi se isompana) \u00a9 P\u00f6yry Energy Oy wpd Finland Oy ja Mets\u00e4hallitus suunnittelevat 10\u201315 yksik\u00f6n tuulipuistoa Muonion Mielmukkavaaran. Hanke on edennyt ymp\u00e4rist\u00f6","robots":{"index":"index","follow":"follow","max-snippet":"max-snippet:-1","max-image-preview":"max-image-preview:large","max-video-preview":"max-video-preview:-1"},"canonical":"https:\/\/www.wpd.fi\/svenska\/mielmukkavaaran-tuulipuistohankkeen-ymparistoselvitykset-kaynnistetty\/","og_locale":"en_US","og_type":"article","og_title":"Mielmukkavaaran tuulipuistohankkeen ymp\u00e4rist\u00f6selvitykset k\u00e4ynnistetty","og_description":"Katso t\u00e4st\u00e4 Mielmukkavaaran tuulipuiston valokuvasovite. (Klikkaa kuvaa n\u00e4hd\u00e4ksesi se isompana) \u00a9 P\u00f6yry Energy Oy wpd Finland Oy ja Mets\u00e4hallitus suunnittelevat 10\u201315 yksik\u00f6n tuulipuistoa Muonion Mielmukkavaaran. Hanke on edennyt ymp\u00e4rist\u00f6","og_url":"https:\/\/www.wpd.fi\/svenska\/mielmukkavaaran-tuulipuistohankkeen-ymparistoselvitykset-kaynnistetty\/","og_site_name":"wpd.fi Svenska","article_published_time":"2009-03-26T12:28:51+00:00","article_modified_time":"2020-05-11T12:31:06+00:00","author":"sschuerle","twitter_card":"summary_large_image","twitter_misc":{"Written by":"sschuerle","Est. reading time":"1 minute"},"schema":{"@context":"https:\/\/schema.org","@graph":[{"@type":"Article","@id":"https:\/\/www.wpd.fi\/svenska\/mielmukkavaaran-tuulipuistohankkeen-ymparistoselvitykset-kaynnistetty\/#article","isPartOf":{"@id":"https:\/\/www.wpd.fi\/svenska\/mielmukkavaaran-tuulipuistohankkeen-ymparistoselvitykset-kaynnistetty\/"},"author":{"name":"sschuerle","@id":"https:\/\/www.wpd.fi\/svenska\/#\/schema\/person\/4605249712e1db0ef244f5027f91ab4a"},"headline":"Mielmukkavaaran tuulipuistohankkeen ymp\u00e4rist\u00f6selvitykset k\u00e4ynnistetty","datePublished":"2009-03-26T12:28:51+00:00","dateModified":"2020-05-11T12:31:06+00:00","mainEntityOfPage":{"@id":"https:\/\/www.wpd.fi\/svenska\/mielmukkavaaran-tuulipuistohankkeen-ymparistoselvitykset-kaynnistetty\/"},"wordCount":303,"commentCount":0,"articleSection":["General"],"inLanguage":"en-US","potentialAction":[{"@type":"CommentAction","name":"Comment","target":["https:\/\/www.wpd.fi\/svenska\/mielmukkavaaran-tuulipuistohankkeen-ymparistoselvitykset-kaynnistetty\/#respond"]}]},{"@type":"WebPage","@id":"https:\/\/www.wpd.fi\/svenska\/mielmukkavaaran-tuulipuistohankkeen-ymparistoselvitykset-kaynnistetty\/","url":"https:\/\/www.wpd.fi\/svenska\/mielmukkavaaran-tuulipuistohankkeen-ymparistoselvitykset-kaynnistetty\/","name":"Mielmukkavaaran tuulipuistohankkeen ymp\u00e4rist\u00f6selvitykset k\u00e4ynnistetty","isPartOf":{"@id":"https:\/\/www.wpd.fi\/svenska\/#website"},"datePublished":"2009-03-26T12:28:51+00:00","dateModified":"2020-05-11T12:31:06+00:00","author":{"@id":"https:\/\/www.wpd.fi\/svenska\/#\/schema\/person\/4605249712e1db0ef244f5027f91ab4a"},"breadcrumb":{"@id":"https:\/\/www.wpd.fi\/svenska\/mielmukkavaaran-tuulipuistohankkeen-ymparistoselvitykset-kaynnistetty\/#breadcrumb"},"inLanguage":"en-US","potentialAction":[{"@type":"ReadAction","target":["https:\/\/www.wpd.fi\/svenska\/mielmukkavaaran-tuulipuistohankkeen-ymparistoselvitykset-kaynnistetty\/"]}]},{"@type":"BreadcrumbList","@id":"https:\/\/www.wpd.fi\/svenska\/mielmukkavaaran-tuulipuistohankkeen-ymparistoselvitykset-kaynnistetty\/#breadcrumb","itemListElement":[{"@type":"ListItem","position":1,"name":"Startseite","item":"https:\/\/www.wpd.fi\/svenska\/"},{"@type":"ListItem","position":2,"name":"Mielmukkavaaran tuulipuistohankkeen ymp\u00e4rist\u00f6selvitykset k\u00e4ynnistetty"}]},{"@type":"WebSite","@id":"https:\/\/www.wpd.fi\/svenska\/#website","url":"https:\/\/www.wpd.fi\/svenska\/","name":"wpd.fi Svenska","description":"Utveckling, konstruktion och drift av projekt inom f\u00f6rnybar energi","potentialAction":[{"@type":"SearchAction","target":{"@type":"EntryPoint","urlTemplate":"https:\/\/www.wpd.fi\/svenska\/?s={search_term_string}"},"query-input":{"@type":"PropertyValueSpecification","valueRequired":true,"valueName":"search_term_string"}}],"inLanguage":"en-US"},{"@type":"Person","@id":"https:\/\/www.wpd.fi\/svenska\/#\/schema\/person\/4605249712e1db0ef244f5027f91ab4a","name":"sschuerle","url":"https:\/\/www.wpd.fi\/svenska\/author\/sschuerle\/"}]}},"publishpress_future_action":{"enabled":false,"date":"2026-05-08 19:30:04","action":"change-status","newStatus":"draft","terms":[],"taxonomy":"category","extraData":[]},"publishpress_future_workflow_manual_trigger":{"enabledWorkflows":[]},"_links":{"self":[{"href":"https:\/\/www.wpd.fi\/svenska\/wp-json\/wp\/v2\/posts\/749","targetHints":{"allow":["GET"]}}],"collection":[{"href":"https:\/\/www.wpd.fi\/svenska\/wp-json\/wp\/v2\/posts"}],"about":[{"href":"https:\/\/www.wpd.fi\/svenska\/wp-json\/wp\/v2\/types\/post"}],"author":[{"embeddable":true,"href":"https:\/\/www.wpd.fi\/svenska\/wp-json\/wp\/v2\/users\/2"}],"replies":[{"embeddable":true,"href":"https:\/\/www.wpd.fi\/svenska\/wp-json\/wp\/v2\/comments?post=749"}],"version-history":[{"count":1,"href":"https:\/\/www.wpd.fi\/svenska\/wp-json\/wp\/v2\/posts\/749\/revisions"}],"predecessor-version":[{"id":750,"href":"https:\/\/www.wpd.fi\/svenska\/wp-json\/wp\/v2\/posts\/749\/revisions\/750"}],"wp:attachment":[{"href":"https:\/\/www.wpd.fi\/svenska\/wp-json\/wp\/v2\/media?parent=749"}],"wp:term":[{"taxonomy":"category","embeddable":true,"href":"https:\/\/www.wpd.fi\/svenska\/wp-json\/wp\/v2\/categories?post=749"},{"taxonomy":"post_tag","embeddable":true,"href":"https:\/\/www.wpd.fi\/svenska\/wp-json\/wp\/v2\/tags?post=749"}],"curies":[{"name":"wp","href":"https:\/\/api.w.org\/{rel}","templated":true}]}}