{"id":751,"date":"2009-02-19T12:31:22","date_gmt":"2009-02-19T12:31:22","guid":{"rendered":"http:\/\/staging.wpd.fi\/?p=751"},"modified":"2020-05-11T12:32:41","modified_gmt":"2020-05-11T12:32:41","slug":"mielmukkavaaran-tuulipuiston-suunnitelmat-kasittelyssa","status":"publish","type":"post","link":"https:\/\/www.wpd.fi\/svenska\/mielmukkavaaran-tuulipuiston-suunnitelmat-kasittelyssa\/","title":{"rendered":"Mielmukkavaaran tuulipuiston suunnitelmat k\u00e4sittelyss\u00e4"},"content":{"rendered":"<p><b>Mets\u00e4hallituksen ja wpd Finland Oy:n yhteisess\u00e4 Mielmukkavaaran tuulipuistohankkeessa suunniteltuja\u00a0 ymp\u00e4rist\u00f6selvityksi\u00e4 k\u00e4sitell\u00e4\u00e4n Muoniossa maanantaina 23.2.2009.<\/b><\/p>\n<p>Mielmukkavaaran tuulipuistohankkeen ymp\u00e4rist\u00f6vaikutukset tullaan selvitt\u00e4m\u00e4\u00e4n ymp\u00e4rist\u00f6vaikutusten arviointimenettelyss\u00e4 Lapin ymp\u00e4rist\u00f6keskuksen p\u00e4\u00e4t\u00f6ksen mukaisesti. wpd Finland Oy ja Mets\u00e4hallitus ovat konsulttinsa P\u00f6yry Energy Oy:n kanssa yhdess\u00e4 valmistelleet ty\u00f6ohjelmaa kes\u00e4- ja syyskauden aikana teht\u00e4ville ymp\u00e4rist\u00f6selvityksille. Ohjelmaluonnos on nyt valmistunut ja sit\u00e4 k\u00e4sitell\u00e4\u00e4n maanantaina seurantaryhm\u00e4n kokouksessa Muonion Oloksella. Lopullinen ohjelma on n\u00e4ht\u00e4vill\u00e4 10.3. l\u00e4htien wpd Finland Oy:n internetsivuilla.<\/p>\n<p>Seurantaryhm\u00e4\u00e4n on kutsuttu kolmisenkymment\u00e4 eri tahoa muun muassa Muonion kunta, matkailuyritt\u00e4ji\u00e4, poroelinkeinon edustajia, riistanhoidon ja mets\u00e4styksen edustajia, kyl\u00e4yhdistyksi\u00e4, Lapin luonnonsuojelupiiri ja lintutieteellinen yhdistys sek\u00e4 viranomaistahoja, kuten esimerkiksi Lapin ymp\u00e4rist\u00f6keskus, Lapin liitto ja Riista- ja kalatalouden tutkimuslaitos.<\/p>\n<p>Kunnanjohtaja\u00a0<b>Aulikki Heinosen<\/b>\u00a0mukaan tuulipuistolla tulee olemaan kahdenlaisia vaikutuksia. Ensinn\u00e4kin se vaikuttaa paikallisten maisemaan negatiivisesti ja h\u00e4nen mukaansa paikallisille tulisi korvata maisemahaitta. Toiseksi se vaikuttaa matkailuun heikent\u00e4m\u00e4ll\u00e4 sit\u00e4 luontoarvoa, jota p\u00e4\u00e4asiassa ulkomaiset matkailijat tulevat Muoniosta hakemaan. \u201dToisaalta keskieurooppalaiset matkailijat ovat valveutuneita ja ymm\u00e4rt\u00e4v\u00e4t, ett\u00e4 energiaa pit\u00e4\u00e4 tuottaa. S\u00e4hk\u00f6n tuottaminen ekologisin keinoin voi olla my\u00f6s valveutuneita turisteja houkutteleva seikka\u201d Aulikki Heinonen toteaa. Yhteisty\u00f6 hankkeen kehitt\u00e4jien sek\u00e4 kunnan v\u00e4lill\u00e4 on h\u00e4nen mukaansa t\u00e4h\u00e4n menness\u00e4 sujunut erinomaisesti.<\/p>\n<p>Selvitett\u00e4vi\u00e4 ymp\u00e4rist\u00f6vaikutuksia on paljon. Niist\u00e4 t\u00e4rkeimpi\u00e4 ovat melu- ja maisemavaikutukset, vaikutukset luontoon sek\u00e4 tietenkin ihmisiin kohdistuvat vaikutukset, joiden joukossa selvitet\u00e4\u00e4n vaikutuksia poroelinkeinoon, matkailuun sek\u00e4 mets\u00e4stykseen ja muuhun virkistysk\u00e4ytt\u00f6\u00f6n. Suunniteltujen selvitysten joukkoon kuuluvat esimerkiksi matkailu-aiheinen ty\u00f6paja ja laaja asukaskysely, joka l\u00e4hetet\u00e4\u00e4n postikyselyn\u00e4 v\u00e4hint\u00e4\u00e4n 500 talouteen Muonion ja Mielmukkavaaran l\u00e4heisen rajanaapurin Enonteki\u00f6n alueella.<\/p>\n<p>&#8211; \u201dToivomme kokouksessa vilkasta keskustelua teht\u00e4vist\u00e4 selvityksist\u00e4 ja palautetta suunnitelmillemme\u201d sanoo yhteisty\u00f6hankkeen YVA-vastaava, johtaja Heli Rissanen wpd Finland Oy:st\u00e4.<\/p>\n<p><b>LIS\u00c4TIETOJA<\/b><br \/>\nJohtaja Heli Rissanen, wpd Finland Oy, gsm 040 578 7584<br \/>\nYVA-OHJELMA<br \/>\nSaatavilla 10.3. osoitteesta: www.wpd.fi\/svenska &gt; Projektejamme &gt; Muonio<\/p>\n","protected":false},"excerpt":{"rendered":"Mets\u00e4hallituksen ja wpd Finland Oy:n yhteisess\u00e4 Mielmukkavaaran tuulipuistohankkeessa suunniteltuja\u00a0 ymp\u00e4rist\u00f6selvityksi\u00e4 k\u00e4sitell\u00e4\u00e4n Muoniossa maanantaina 23.2.2009. Mielmukkavaaran tuulipuistohankkeen ymp\u00e4rist\u00f6vaikutukset tullaan selvitt\u00e4m\u00e4\u00e4n ymp\u00e4rist\u00f6vaikutusten arviointimenettelyss\u00e4 Lapin ymp\u00e4rist\u00f6keskuksen p\u00e4\u00e4t\u00f6ksen mukaisesti. wpd Finland Oy ja Mets\u00e4hallitus ovat konsulttinsa P\u00f6yry Energy Oy:n kanssa yhdess\u00e4 valmistelleet ty\u00f6ohjelmaa kes\u00e4- ja syyskauden aikana teht\u00e4ville ymp\u00e4rist\u00f6selvityksille. Ohjelmaluonnos on nyt valmistunut ja sit\u00e4 k\u00e4sitell\u00e4\u00e4n maanantaina seurantaryhm\u00e4n kokouksessa [&hellip;]","protected":false},"author":2,"featured_media":0,"comment_status":"open","ping_status":"open","sticky":false,"template":"","format":"standard","meta":{"_acf_changed":false,"footnotes":""},"categories":[1],"tags":[],"class_list":["post-751","post","type-post","status-publish","format-standard","hentry","category-general"],"acf":[],"yoast_head":"<!-- This site is optimized with the Yoast SEO plugin v27.0 - https:\/\/yoast.com\/product\/yoast-seo-wordpress\/ -->\n<title>Mielmukkavaaran tuulipuiston suunnitelmat k\u00e4sittelyss\u00e4<\/title>\n<meta name=\"description\" content=\"Mets\u00e4hallituksen ja wpd Finland Oy:n yhteisess\u00e4 Mielmukkavaaran tuulipuistohankkeessa suunniteltuja\u00a0 ymp\u00e4rist\u00f6selvityksi\u00e4 k\u00e4sitell\u00e4\u00e4n Muoniossa maanantaina 23.2.2009. Mielmukkavaaran tuulipuistohankkeen ymp\u00e4rist\u00f6vaikutukset tullaan selvitt\u00e4m\" \/>\n<meta name=\"robots\" content=\"index, follow, max-snippet:-1, max-image-preview:large, max-video-preview:-1\" \/>\n<link rel=\"canonical\" href=\"https:\/\/www.wpd.fi\/svenska\/mielmukkavaaran-tuulipuiston-suunnitelmat-kasittelyssa\/\" \/>\n<meta property=\"og:locale\" content=\"en_US\" \/>\n<meta property=\"og:type\" content=\"article\" \/>\n<meta property=\"og:title\" content=\"Mielmukkavaaran tuulipuiston suunnitelmat k\u00e4sittelyss\u00e4\" \/>\n<meta property=\"og:description\" content=\"Mets\u00e4hallituksen ja wpd Finland Oy:n yhteisess\u00e4 Mielmukkavaaran tuulipuistohankkeessa suunniteltuja\u00a0 ymp\u00e4rist\u00f6selvityksi\u00e4 k\u00e4sitell\u00e4\u00e4n Muoniossa maanantaina 23.2.2009. Mielmukkavaaran tuulipuistohankkeen ymp\u00e4rist\u00f6vaikutukset tullaan selvitt\u00e4m\" \/>\n<meta property=\"og:url\" content=\"https:\/\/www.wpd.fi\/svenska\/mielmukkavaaran-tuulipuiston-suunnitelmat-kasittelyssa\/\" \/>\n<meta property=\"og:site_name\" content=\"wpd.fi Svenska\" \/>\n<meta property=\"article:published_time\" content=\"2009-02-19T12:31:22+00:00\" \/>\n<meta property=\"article:modified_time\" content=\"2020-05-11T12:32:41+00:00\" \/>\n<meta name=\"author\" content=\"sschuerle\" \/>\n<meta name=\"twitter:card\" content=\"summary_large_image\" \/>\n<meta name=\"twitter:label1\" content=\"Written by\" \/>\n\t<meta name=\"twitter:data1\" content=\"sschuerle\" \/>\n\t<meta name=\"twitter:label2\" content=\"Est. reading time\" \/>\n\t<meta name=\"twitter:data2\" content=\"2 minutes\" \/>\n<script type=\"application\/ld+json\" class=\"yoast-schema-graph\">{\"@context\":\"https:\/\/schema.org\",\"@graph\":[{\"@type\":\"Article\",\"@id\":\"https:\/\/www.wpd.fi\/svenska\/mielmukkavaaran-tuulipuiston-suunnitelmat-kasittelyssa\/#article\",\"isPartOf\":{\"@id\":\"https:\/\/www.wpd.fi\/svenska\/mielmukkavaaran-tuulipuiston-suunnitelmat-kasittelyssa\/\"},\"author\":{\"name\":\"sschuerle\",\"@id\":\"https:\/\/www.wpd.fi\/svenska\/#\/schema\/person\/4605249712e1db0ef244f5027f91ab4a\"},\"headline\":\"Mielmukkavaaran tuulipuiston suunnitelmat k\u00e4sittelyss\u00e4\",\"datePublished\":\"2009-02-19T12:31:22+00:00\",\"dateModified\":\"2020-05-11T12:32:41+00:00\",\"mainEntityOfPage\":{\"@id\":\"https:\/\/www.wpd.fi\/svenska\/mielmukkavaaran-tuulipuiston-suunnitelmat-kasittelyssa\/\"},\"wordCount\":340,\"commentCount\":0,\"articleSection\":[\"General\"],\"inLanguage\":\"en-US\",\"potentialAction\":[{\"@type\":\"CommentAction\",\"name\":\"Comment\",\"target\":[\"https:\/\/www.wpd.fi\/svenska\/mielmukkavaaran-tuulipuiston-suunnitelmat-kasittelyssa\/#respond\"]}]},{\"@type\":\"WebPage\",\"@id\":\"https:\/\/www.wpd.fi\/svenska\/mielmukkavaaran-tuulipuiston-suunnitelmat-kasittelyssa\/\",\"url\":\"https:\/\/www.wpd.fi\/svenska\/mielmukkavaaran-tuulipuiston-suunnitelmat-kasittelyssa\/\",\"name\":\"Mielmukkavaaran tuulipuiston suunnitelmat k\u00e4sittelyss\u00e4\",\"isPartOf\":{\"@id\":\"https:\/\/www.wpd.fi\/svenska\/#website\"},\"datePublished\":\"2009-02-19T12:31:22+00:00\",\"dateModified\":\"2020-05-11T12:32:41+00:00\",\"author\":{\"@id\":\"https:\/\/www.wpd.fi\/svenska\/#\/schema\/person\/4605249712e1db0ef244f5027f91ab4a\"},\"breadcrumb\":{\"@id\":\"https:\/\/www.wpd.fi\/svenska\/mielmukkavaaran-tuulipuiston-suunnitelmat-kasittelyssa\/#breadcrumb\"},\"inLanguage\":\"en-US\",\"potentialAction\":[{\"@type\":\"ReadAction\",\"target\":[\"https:\/\/www.wpd.fi\/svenska\/mielmukkavaaran-tuulipuiston-suunnitelmat-kasittelyssa\/\"]}]},{\"@type\":\"BreadcrumbList\",\"@id\":\"https:\/\/www.wpd.fi\/svenska\/mielmukkavaaran-tuulipuiston-suunnitelmat-kasittelyssa\/#breadcrumb\",\"itemListElement\":[{\"@type\":\"ListItem\",\"position\":1,\"name\":\"Startseite\",\"item\":\"https:\/\/www.wpd.fi\/svenska\/\"},{\"@type\":\"ListItem\",\"position\":2,\"name\":\"Mielmukkavaaran tuulipuiston suunnitelmat k\u00e4sittelyss\u00e4\"}]},{\"@type\":\"WebSite\",\"@id\":\"https:\/\/www.wpd.fi\/svenska\/#website\",\"url\":\"https:\/\/www.wpd.fi\/svenska\/\",\"name\":\"wpd.fi Svenska\",\"description\":\"Utveckling, konstruktion och drift av projekt inom f\u00f6rnybar energi\",\"potentialAction\":[{\"@type\":\"SearchAction\",\"target\":{\"@type\":\"EntryPoint\",\"urlTemplate\":\"https:\/\/www.wpd.fi\/svenska\/?s={search_term_string}\"},\"query-input\":{\"@type\":\"PropertyValueSpecification\",\"valueRequired\":true,\"valueName\":\"search_term_string\"}}],\"inLanguage\":\"en-US\"},{\"@type\":\"Person\",\"@id\":\"https:\/\/www.wpd.fi\/svenska\/#\/schema\/person\/4605249712e1db0ef244f5027f91ab4a\",\"name\":\"sschuerle\",\"url\":\"https:\/\/www.wpd.fi\/svenska\/author\/sschuerle\/\"}]}<\/script>\n<!-- \/ Yoast SEO plugin. -->","yoast_head_json":{"title":"Mielmukkavaaran tuulipuiston suunnitelmat k\u00e4sittelyss\u00e4","description":"Mets\u00e4hallituksen ja wpd Finland Oy:n yhteisess\u00e4 Mielmukkavaaran tuulipuistohankkeessa suunniteltuja\u00a0 ymp\u00e4rist\u00f6selvityksi\u00e4 k\u00e4sitell\u00e4\u00e4n Muoniossa maanantaina 23.2.2009. Mielmukkavaaran tuulipuistohankkeen ymp\u00e4rist\u00f6vaikutukset tullaan selvitt\u00e4m","robots":{"index":"index","follow":"follow","max-snippet":"max-snippet:-1","max-image-preview":"max-image-preview:large","max-video-preview":"max-video-preview:-1"},"canonical":"https:\/\/www.wpd.fi\/svenska\/mielmukkavaaran-tuulipuiston-suunnitelmat-kasittelyssa\/","og_locale":"en_US","og_type":"article","og_title":"Mielmukkavaaran tuulipuiston suunnitelmat k\u00e4sittelyss\u00e4","og_description":"Mets\u00e4hallituksen ja wpd Finland Oy:n yhteisess\u00e4 Mielmukkavaaran tuulipuistohankkeessa suunniteltuja\u00a0 ymp\u00e4rist\u00f6selvityksi\u00e4 k\u00e4sitell\u00e4\u00e4n Muoniossa maanantaina 23.2.2009. Mielmukkavaaran tuulipuistohankkeen ymp\u00e4rist\u00f6vaikutukset tullaan selvitt\u00e4m","og_url":"https:\/\/www.wpd.fi\/svenska\/mielmukkavaaran-tuulipuiston-suunnitelmat-kasittelyssa\/","og_site_name":"wpd.fi Svenska","article_published_time":"2009-02-19T12:31:22+00:00","article_modified_time":"2020-05-11T12:32:41+00:00","author":"sschuerle","twitter_card":"summary_large_image","twitter_misc":{"Written by":"sschuerle","Est. reading time":"2 minutes"},"schema":{"@context":"https:\/\/schema.org","@graph":[{"@type":"Article","@id":"https:\/\/www.wpd.fi\/svenska\/mielmukkavaaran-tuulipuiston-suunnitelmat-kasittelyssa\/#article","isPartOf":{"@id":"https:\/\/www.wpd.fi\/svenska\/mielmukkavaaran-tuulipuiston-suunnitelmat-kasittelyssa\/"},"author":{"name":"sschuerle","@id":"https:\/\/www.wpd.fi\/svenska\/#\/schema\/person\/4605249712e1db0ef244f5027f91ab4a"},"headline":"Mielmukkavaaran tuulipuiston suunnitelmat k\u00e4sittelyss\u00e4","datePublished":"2009-02-19T12:31:22+00:00","dateModified":"2020-05-11T12:32:41+00:00","mainEntityOfPage":{"@id":"https:\/\/www.wpd.fi\/svenska\/mielmukkavaaran-tuulipuiston-suunnitelmat-kasittelyssa\/"},"wordCount":340,"commentCount":0,"articleSection":["General"],"inLanguage":"en-US","potentialAction":[{"@type":"CommentAction","name":"Comment","target":["https:\/\/www.wpd.fi\/svenska\/mielmukkavaaran-tuulipuiston-suunnitelmat-kasittelyssa\/#respond"]}]},{"@type":"WebPage","@id":"https:\/\/www.wpd.fi\/svenska\/mielmukkavaaran-tuulipuiston-suunnitelmat-kasittelyssa\/","url":"https:\/\/www.wpd.fi\/svenska\/mielmukkavaaran-tuulipuiston-suunnitelmat-kasittelyssa\/","name":"Mielmukkavaaran tuulipuiston suunnitelmat k\u00e4sittelyss\u00e4","isPartOf":{"@id":"https:\/\/www.wpd.fi\/svenska\/#website"},"datePublished":"2009-02-19T12:31:22+00:00","dateModified":"2020-05-11T12:32:41+00:00","author":{"@id":"https:\/\/www.wpd.fi\/svenska\/#\/schema\/person\/4605249712e1db0ef244f5027f91ab4a"},"breadcrumb":{"@id":"https:\/\/www.wpd.fi\/svenska\/mielmukkavaaran-tuulipuiston-suunnitelmat-kasittelyssa\/#breadcrumb"},"inLanguage":"en-US","potentialAction":[{"@type":"ReadAction","target":["https:\/\/www.wpd.fi\/svenska\/mielmukkavaaran-tuulipuiston-suunnitelmat-kasittelyssa\/"]}]},{"@type":"BreadcrumbList","@id":"https:\/\/www.wpd.fi\/svenska\/mielmukkavaaran-tuulipuiston-suunnitelmat-kasittelyssa\/#breadcrumb","itemListElement":[{"@type":"ListItem","position":1,"name":"Startseite","item":"https:\/\/www.wpd.fi\/svenska\/"},{"@type":"ListItem","position":2,"name":"Mielmukkavaaran tuulipuiston suunnitelmat k\u00e4sittelyss\u00e4"}]},{"@type":"WebSite","@id":"https:\/\/www.wpd.fi\/svenska\/#website","url":"https:\/\/www.wpd.fi\/svenska\/","name":"wpd.fi Svenska","description":"Utveckling, konstruktion och drift av projekt inom f\u00f6rnybar energi","potentialAction":[{"@type":"SearchAction","target":{"@type":"EntryPoint","urlTemplate":"https:\/\/www.wpd.fi\/svenska\/?s={search_term_string}"},"query-input":{"@type":"PropertyValueSpecification","valueRequired":true,"valueName":"search_term_string"}}],"inLanguage":"en-US"},{"@type":"Person","@id":"https:\/\/www.wpd.fi\/svenska\/#\/schema\/person\/4605249712e1db0ef244f5027f91ab4a","name":"sschuerle","url":"https:\/\/www.wpd.fi\/svenska\/author\/sschuerle\/"}]}},"publishpress_future_action":{"enabled":false,"date":"2026-05-09 05:12:28","action":"change-status","newStatus":"draft","terms":[],"taxonomy":"category","extraData":[]},"publishpress_future_workflow_manual_trigger":{"enabledWorkflows":[]},"_links":{"self":[{"href":"https:\/\/www.wpd.fi\/svenska\/wp-json\/wp\/v2\/posts\/751","targetHints":{"allow":["GET"]}}],"collection":[{"href":"https:\/\/www.wpd.fi\/svenska\/wp-json\/wp\/v2\/posts"}],"about":[{"href":"https:\/\/www.wpd.fi\/svenska\/wp-json\/wp\/v2\/types\/post"}],"author":[{"embeddable":true,"href":"https:\/\/www.wpd.fi\/svenska\/wp-json\/wp\/v2\/users\/2"}],"replies":[{"embeddable":true,"href":"https:\/\/www.wpd.fi\/svenska\/wp-json\/wp\/v2\/comments?post=751"}],"version-history":[{"count":1,"href":"https:\/\/www.wpd.fi\/svenska\/wp-json\/wp\/v2\/posts\/751\/revisions"}],"predecessor-version":[{"id":752,"href":"https:\/\/www.wpd.fi\/svenska\/wp-json\/wp\/v2\/posts\/751\/revisions\/752"}],"wp:attachment":[{"href":"https:\/\/www.wpd.fi\/svenska\/wp-json\/wp\/v2\/media?parent=751"}],"wp:term":[{"taxonomy":"category","embeddable":true,"href":"https:\/\/www.wpd.fi\/svenska\/wp-json\/wp\/v2\/categories?post=751"},{"taxonomy":"post_tag","embeddable":true,"href":"https:\/\/www.wpd.fi\/svenska\/wp-json\/wp\/v2\/tags?post=751"}],"curies":[{"name":"wp","href":"https:\/\/api.w.org\/{rel}","templated":true}]}}